{"id":3826,"date":"2023-05-26T17:25:09","date_gmt":"2023-05-26T15:25:09","guid":{"rendered":"https:\/\/www.formenteravuela.com\/magazine\/?p=3826"},"modified":"2024-03-10T12:24:00","modified_gmt":"2024-03-10T11:24:00","slug":"migliori-ristoranti-cucina-moderna-formentera","status":"publish","type":"post","link":"https:\/\/www.formenteravuela.com\/magazine\/vivi-lisola\/migliori-ristoranti-cucina-moderna-formentera\/","title":{"rendered":"I migliori ristoranti di cucina moderna Formentera"},"content":{"rendered":"\n<p>L\u2019arte della cucina \u00e8 uno dei piaceri che meglio si sposano con <strong>una indimenticabile vacanza al mare<\/strong>. Allora perch\u00e9 non combinare le spiagge pi\u00f9 belle del mediterraneo con una cucina d\u2019autore di alto livello?<br>A Formentera, dopo la chiusura del mitico <em>Can Dani<\/em>, non ci sono pi\u00f9 ristoranti stellati. Vi presentiamo per\u00f2 la nostra selezione delle migliori proposte di cucina moderna sull\u2019isola.&nbsp; &nbsp;<\/p>\n\n\n\n<h2 class=\"wp-block-heading\">Molo 47, La Savina<\/h2>\n\n\n\n<p>Questo locale situato verso la fine del lungomare del porto di Formentera \u00e8 stato inaugurato nel 2016. L\u2019idea dello chef <em>Antonio D\u2019Agnello<\/em> (Nobu Milano) \u00e8 stata quella di aprire un locale di alta cucina, che avesse in s\u00e9 <strong>l\u2019essenza mediterranea<\/strong>.<br>Il locale si divide in 4 diversi ambienti, attorno al cuore pulsante che rappresenta la meravigliosa cucina a vista. Oltre alle <strong>due zone ristorante<\/strong>, spicca anche la presenza di un\u2019area lounge, aperta fino alla sera tardi. Un ottimo luogo dove passare una piacevole serata o sorseggiare un cocktail gourmet al tramonto.<\/p>\n\n\n\n<p>I piatti proposti sono di un livello unico e sempre sorprendenti per la combinazione dei sapori. <strong>L\u2019esperienza internazionale di chef d\u2019Angelo<\/strong> si rispecchia nei suoi capolavori culinari, dove la combinazione dei sapori e l\u2019utilizzo delle giuste spezie, con un tocco asiatico, sanno regalare sensazioni nuove ad ogni boccone.<\/p>\n\n\n\n<h2 class=\"wp-block-heading\">Chezz Gerdi, Es Pujols\/Punta Prima<\/h2>\n\n\n\n<p>Oltre ad essere un ristorante, Chezz Gerdi a Formentera \u00e8 un <strong>luogo d\u2019incontro<\/strong>, un punto di riferimento per chi visita assiduamente l\u2019isola. Il coloratissimo van parcheggiato all\u2019esterno, un Volkswagen che ricorda <a href=\"https:\/\/www.formenteravuela.com\/magazine\/cultura\/cultura-hippie-a-formentera-come-nata-e-cosa-e-rimasto-degli-anni-del-flower-power\/\">l\u2019epoca hippy dell\u2019isola<\/a>, \u00e8 ormai una foto iconica per i visitatori estivi.<\/p>\n\n\n\n<p>Situato a poca distanza dal centro di Es Pujols, verso la zona di Punta Prima, questo locale offre <strong>eccellenza culinaria<\/strong> da molti anni. Oltre a pizze gourmet e un ottimo sushi, i piatti proposti dallo chef utilizzano ingredienti semplici, ma combinati con un tocco unico. Il risultato \u00e8 una cucina di altissimo livello, che <strong>unisce sapori tipici della cucina italiana e spagnola<\/strong>, strizzando l\u2019occhio all\u2019utilizzo di prodotti locali di Formentera.<\/p>\n\n\n\n<figure class=\"wp-block-image size-large\"><img decoding=\"async\" loading=\"lazy\" width=\"1024\" height=\"622\" src=\"\/magazine\/public\/uploads\/2023\/05\/chezz-gerdi-1024x622.jpg\" alt=\"\" class=\"wp-image-3830\" srcset=\"\/magazine\/public\/uploads\/2023\/05\/chezz-gerdi-1024x622.jpg 1024w, \/magazine\/public\/uploads\/2023\/05\/chezz-gerdi-300x182.jpg 300w, \/magazine\/public\/uploads\/2023\/05\/chezz-gerdi-768x467.jpg 768w, \/magazine\/public\/uploads\/2023\/05\/chezz-gerdi-1536x934.jpg 1536w, \/magazine\/public\/uploads\/2023\/05\/chezz-gerdi-990x602.jpg 990w, \/magazine\/public\/uploads\/2023\/05\/chezz-gerdi-1320x802.jpg 1320w, \/magazine\/public\/uploads\/2023\/05\/chezz-gerdi.jpg 1920w\" sizes=\"(max-width: 1024px) 100vw, 1024px\" \/><\/figure>\n\n\n\n<h2 class=\"wp-block-heading\">Es Mal P\u00e1s, Sant Francesc\/Migjorn<\/h2>\n\n\n\n<p>Anche questo ristorante forma parte di un complesso turistico di alto livello, con villette e appartamenti di lusso: <em>Paraiso de los Pinos<\/em>.<br>La caratteristica di questo residence \u00e8 di riproporre <strong>l\u2019architettura tipica<\/strong> di un paesino di Formentera, ma chiaramente in chiave moderna. Il ristorante segue ovviamente la stessa linea e filosofia.<\/p>\n\n\n\n<p>La loro cucina \u00e8 fatta d&#8217;avanguardia e creativit\u00e0, dove tecnica e <strong>rispetto per il prodotto fresco<\/strong> e di qualit\u00e0, si fondono per dare vita a un\u2019esperienza sensoriale unica. L\u2019obiettivo \u00e8 quello di sorprendere, giocando con forme e colori, consistenze e sapori. Questo d\u00e0 vita a suggestive preparazioni con le verdure dell\u2019orto e piatti che <strong>racchiudono in s\u00e9 tutta l&#8217;essenza del Mediterraneo<\/strong>.<\/p>\n\n\n<div class=\"wp-block-image\">\n<figure class=\"aligncenter size-large\"><img decoding=\"async\" loading=\"lazy\" width=\"1024\" height=\"680\" src=\"\/magazine\/public\/uploads\/2023\/05\/Terraza-Marlaca-3-1024x680.jpg\" alt=\"\" class=\"wp-image-3832\" srcset=\"\/magazine\/public\/uploads\/2023\/05\/Terraza-Marlaca-3-1024x680.jpg 1024w, \/magazine\/public\/uploads\/2023\/05\/Terraza-Marlaca-3-300x200.jpg 300w, \/magazine\/public\/uploads\/2023\/05\/Terraza-Marlaca-3-768x510.jpg 768w, \/magazine\/public\/uploads\/2023\/05\/Terraza-Marlaca-3-1536x1020.jpg 1536w, \/magazine\/public\/uploads\/2023\/05\/Terraza-Marlaca-3-414x276.jpg 414w, \/magazine\/public\/uploads\/2023\/05\/Terraza-Marlaca-3-470x313.jpg 470w, \/magazine\/public\/uploads\/2023\/05\/Terraza-Marlaca-3-640x426.jpg 640w, \/magazine\/public\/uploads\/2023\/05\/Terraza-Marlaca-3-130x86.jpg 130w, \/magazine\/public\/uploads\/2023\/05\/Terraza-Marlaca-3-187x124.jpg 187w, \/magazine\/public\/uploads\/2023\/05\/Terraza-Marlaca-3-990x657.jpg 990w, \/magazine\/public\/uploads\/2023\/05\/Terraza-Marlaca-3-1320x877.jpg 1320w, \/magazine\/public\/uploads\/2023\/05\/Terraza-Marlaca-3.jpg 1920w\" sizes=\"(max-width: 1024px) 100vw, 1024px\" \/><\/figure><\/div>\n\n\n<h2 class=\"wp-block-heading\">Carmen by Blanco Formentera, Es Pujols<\/h2>\n\n\n\n<p>Il ristorante Carmen forma parte integrante dell\u2019<em>hotel Blanco<\/em>, all\u2019entrata del paese di Es Pujols. Si tratta di uno dei primi complessi alberghieri dell\u2019isola a dare una sferzata verso un turismo pi\u00f9 sofisticato e di alto livello. Le conseguenze del cambio hanno ovviamente risposto anche alla necessit\u00e0 di offrire una proposta culinaria moderna e nuova.<\/p>\n\n\n\n<p>Il menu di questo <strong>moderno ristorante a Es Pujols<\/strong> rappresenta la cucina mediterranea, con particolare attenzione per la scelta degli ingredienti, freschi e di qualit\u00e0.<br>Come indica il loro motto, si tratta di una cucina d\u2019autore per i 5 sensi, con un occhio di riguardo per il prodotto locale.<\/p>\n\n\n<div class=\"wp-block-image\">\n<figure class=\"aligncenter size-full is-resized\"><img decoding=\"async\" loading=\"lazy\" width=\"560\" height=\"395\" src=\"\/magazine\/public\/uploads\/2023\/05\/Carmen-Blanco.jpg\" alt=\"\" class=\"wp-image-3831\" style=\"width:661px;height:466px\" srcset=\"\/magazine\/public\/uploads\/2023\/05\/Carmen-Blanco.jpg 560w, \/magazine\/public\/uploads\/2023\/05\/Carmen-Blanco-300x212.jpg 300w\" sizes=\"(max-width: 560px) 100vw, 560px\" \/><\/figure><\/div>\n\n\n<h2 class=\"wp-block-heading\">Quimera Formentera, La Savina<\/h2>\n\n\n\n<p>Dopo l\u2019esperienza che ha ricevuto <strong>la storica prima stella Michelin<\/strong> ai tempi del <em>Can Dani<\/em>, la chef <em>Ana J\u00edmenez<\/em> si \u00e8 dedicata a un nuovo progetto. Il suo nuovo ristorante, chiamato appunto Quimera, segue le orme del suo predecessore.<br><strong>Cucina tipicamente mediterranea<\/strong>, con particolare cura nella scelta dei prodotti, a cominciare dall\u2019orto proprio. Nel menu troviamo comunque anche qualche tocco fusion, per dare pi\u00f9 freschezza e modernit\u00e0 anche a ricette tradizionali.<br>La location \u00e8 unica, trovandosi all\u2019interno del famoso <em>Hostal La Savina<\/em>, direttamente sul mare del caratteristico <em>S\u2019Estany des Peix<\/em>. Un angolo di Formentera che offre panorami spettacolari, specialmente al tramonto.<\/p>\n\n\n\n<h2 class=\"wp-block-heading\">A mi manera Formentera, Sant Francesc\/Cala Saona<\/h2>\n\n\n\n<p>Il giardino in cui sono sparsi i tavoli di questo ristorante sembra <strong>incantato e magico<\/strong>. Basta entrarci per capire che si sta per vivere un\u2019esperienza unica ed indimenticabile.<br>Il vezzo e orgoglio di questo locale, situato tra la capitale Sant Francesc e la spiaggia di Cala Saona, \u00e8 il loro orto. La scelta di <strong>coltivare biologicamente<\/strong> le verdure e le erbe aromatiche da utilizzare in cucina spiega infatti la filosofia dietro al menu ricco e vario. Il rispetto della materia prima e il sapiente lavoro degli chef, fanno di ogni piatto un capolavoro da contrapporre alla frenesia del nostro mondo.<br>Il loro giardino segreto non \u00e8 pi\u00f9 un segreto a Formentera, ma \u00e8 pura magia!<\/p>\n\n\n<div class=\"wp-block-image\">\n<figure class=\"aligncenter size-full\"><img decoding=\"async\" loading=\"lazy\" width=\"960\" height=\"720\" src=\"\/magazine\/public\/uploads\/2023\/05\/a-mi-manera.jpg\" alt=\"\" class=\"wp-image-3833\" srcset=\"\/magazine\/public\/uploads\/2023\/05\/a-mi-manera.jpg 960w, \/magazine\/public\/uploads\/2023\/05\/a-mi-manera-300x225.jpg 300w, \/magazine\/public\/uploads\/2023\/05\/a-mi-manera-768x576.jpg 768w, \/magazine\/public\/uploads\/2023\/05\/a-mi-manera-74x55.jpg 74w, \/magazine\/public\/uploads\/2023\/05\/a-mi-manera-111x83.jpg 111w, \/magazine\/public\/uploads\/2023\/05\/a-mi-manera-215x161.jpg 215w\" sizes=\"(max-width: 960px) 100vw, 960px\" \/><\/figure><\/div>\n\n\n<p>I <a href=\"https:\/\/www.formenteravuela.com\/magazine\/vivi-lisola\/i-ristoranti-di-formentera\/\">ristoranti<\/a> citati sopra interpretano la modernit\u00e0 delal cucina mediterranea con un approccio innovativo. Negli ultimi anni, l&#8217;isola, ha visto emergere una scena culinaria moderna e innovativa.<\/p>\n\n\n\n<p>Chef talentuosi stanno reinterpretando le ricette tradizionali dell&#8217;isola, combinandole con influenze mediterranee e internazionali. Il risultato \u00e8 una cucina fresca, creativa e ricca di sapori sorprendenti.<\/p>\n\n\n\n<p><strong>Alcune caratteristiche della cucina moderna di Formentera:<\/strong><\/p>\n\n\n\n<ul>\n<li><strong>Focus sugli ingredienti locali:<\/strong>&nbsp;I piatti sono preparati con ingredienti freschi di stagione, provenienti da agricoltura biologica e pesca sostenibile.<\/li>\n\n\n\n<li><strong>Tecniche innovative:<\/strong>&nbsp;Le cotture a bassa temperatura, le marinature e le fermentazioni sono utilizzate per esaltare i sapori naturali degli ingredienti.<\/li>\n\n\n\n<li><strong>Presentazioni curate:<\/strong>&nbsp;I piatti sono curati nei minimi dettagli, con un&#8217;attenzione particolare all&#8217;estetica e alla presentazione.<\/li>\n\n\n\n<li><strong>Abbinamenti audaci:<\/strong>&nbsp;Sapori mediterranei classici come il pomodoro, l&#8217;oliva e il basilico si fondono con spezie ed erbe aromatiche provenienti da tutto il mondo.<\/li>\n<\/ul>\n","protected":false},"excerpt":{"rendered":"<p>L\u2019arte della cucina \u00e8 uno dei piaceri che meglio si sposano con una indimenticabile vacanza al mare. Allora perch\u00e9 non combinare le spiagge pi\u00f9 belle del mediterraneo con una cucina d\u2019autore di alto livello?A Formentera, dopo la chiusura del mitico Can Dani, non ci sono pi\u00f9 ristoranti stellati. Vi presentiamo per\u00f2 la nostra selezione delle [&hellip;]<\/p>\n","protected":false},"author":2,"featured_media":3829,"comment_status":"closed","ping_status":"closed","sticky":false,"template":"","format":"standard","meta":{"footnotes":""},"categories":[49],"tags":[],"_links":{"self":[{"href":"https:\/\/www.formenteravuela.com\/magazine\/wp-json\/wp\/v2\/posts\/3826"}],"collection":[{"href":"https:\/\/www.formenteravuela.com\/magazine\/wp-json\/wp\/v2\/posts"}],"about":[{"href":"https:\/\/www.formenteravuela.com\/magazine\/wp-json\/wp\/v2\/types\/post"}],"author":[{"embeddable":true,"href":"https:\/\/www.formenteravuela.com\/magazine\/wp-json\/wp\/v2\/users\/2"}],"replies":[{"embeddable":true,"href":"https:\/\/www.formenteravuela.com\/magazine\/wp-json\/wp\/v2\/comments?post=3826"}],"version-history":[{"count":4,"href":"https:\/\/www.formenteravuela.com\/magazine\/wp-json\/wp\/v2\/posts\/3826\/revisions"}],"predecessor-version":[{"id":4377,"href":"https:\/\/www.formenteravuela.com\/magazine\/wp-json\/wp\/v2\/posts\/3826\/revisions\/4377"}],"wp:featuredmedia":[{"embeddable":true,"href":"https:\/\/www.formenteravuela.com\/magazine\/wp-json\/wp\/v2\/media\/3829"}],"wp:attachment":[{"href":"https:\/\/www.formenteravuela.com\/magazine\/wp-json\/wp\/v2\/media?parent=3826"}],"wp:term":[{"taxonomy":"category","embeddable":true,"href":"https:\/\/www.formenteravuela.com\/magazine\/wp-json\/wp\/v2\/categories?post=3826"},{"taxonomy":"post_tag","embeddable":true,"href":"https:\/\/www.formenteravuela.com\/magazine\/wp-json\/wp\/v2\/tags?post=3826"}],"curies":[{"name":"wp","href":"https:\/\/api.w.org\/{rel}","templated":true}]}}