{"id":2674,"date":"2020-06-17T16:14:40","date_gmt":"2020-06-17T14:14:40","guid":{"rendered":"http:\/\/magazine.formenteravuela.com\/?p=2674"},"modified":"2020-06-17T16:18:28","modified_gmt":"2020-06-17T14:18:28","slug":"noleggiare-un-mehari-per-una-vacanza-unica-e-in-puro-stile-formentera","status":"publish","type":"post","link":"https:\/\/www.formenteravuela.com\/magazine\/vivi-lisola\/noleggiare-un-mehari-per-una-vacanza-unica-e-in-puro-stile-formentera\/","title":{"rendered":"Noleggiare un Mehari, per una vacanza unica e in puro stile Formentera"},"content":{"rendered":"<p>Il <em>Citro\u00ebn<\/em><em>\u00a0Mehari<\/em> e Formentera hanno da sempre unito le loro strade, in <strong>un idillio di stile e sensazione di libert\u00e0<\/strong> che dagli anni \u00b460 ad oggi non si \u00e8 mai rotto.<br \/>\n<strong>Noleggiare uno di questi veicoli<\/strong> mitici render\u00e0 la vostra vacanza sull\u2019isola un\u2019esperienza unica ed indimenticabile.<\/p>\n<h2><strong>Un veicolo storico, dal 1968 ad oggi<\/strong><\/h2>\n<p>I primi modelli di quest\u2019auto sono stati prodotti nel 1968, rendendosi subito popolari per la carrozzeria in plastica, quindi inossidabile, flessibile ed economica, montata sul telaio dell\u2019altrettanto famosa <em>Citro\u00ebn Dyane<\/em>.<br \/>\nSecondo le interpretazioni pi\u00f9 attendibili, il nome Mehari \u00e8 traducibile come un dromedario di grande stazza e con ottime prestazioni in quanto a resistenza e velocit\u00e0.<br \/>\n<strong>A Formentera questo veicolo aveva preso piede immediatamente<\/strong>, soprattutto tra <a href=\"http:\/\/magazine.formenteravuela.com\/cultura\/cultura-hippie-a-formentera-come-nata-e-cosa-e-rimasto-degli-anni-del-flower-power\/\">gli hippy che popolarono l\u2019isola a cavallo tra gli anni 60 e 70<\/a>, dato che si adattava perfettamente alle caratteristiche del luogo, oltre ad essere in perfetto stile<em> flower power<\/em>.<\/p>\n<p><img decoding=\"async\" loading=\"lazy\" class=\"alignnone size-full wp-image-2679\" src=\"\/public\/uploads\/2020\/02\/mehari-2-1.jpg\" alt=\"\" width=\"900\" height=\"599\" srcset=\"\/magazine\/public\/uploads\/2020\/02\/mehari-2-1.jpg 900w, \/magazine\/public\/uploads\/2020\/02\/mehari-2-1-300x200.jpg 300w, \/magazine\/public\/uploads\/2020\/02\/mehari-2-1-768x511.jpg 768w, \/magazine\/public\/uploads\/2020\/02\/mehari-2-1-414x276.jpg 414w, \/magazine\/public\/uploads\/2020\/02\/mehari-2-1-470x313.jpg 470w, \/magazine\/public\/uploads\/2020\/02\/mehari-2-1-640x426.jpg 640w, \/magazine\/public\/uploads\/2020\/02\/mehari-2-1-130x86.jpg 130w, \/magazine\/public\/uploads\/2020\/02\/mehari-2-1-187x124.jpg 187w\" sizes=\"(max-width: 900px) 100vw, 900px\" \/><\/p>\n<h2><strong>Quanto costa e dove noleggiare un Mehari a Formentera<\/strong><\/h2>\n<p>Nel 1988 la produzione di questi veicoli fu chiusa e con il passare degli anni diventava sempre pi\u00f9 difficile trovarli in buone condizioni, finch\u00e9 <strong>ad inizio millennio tornarono di moda<\/strong> dato che non era poi cos\u00ec difficile restaurarli.<br \/>\nFu cos\u00ec che un paio di noleggiatori dell\u2019isola iniziarono a proporli ricevendo un ottimo riscontro da parte dei clienti, che spendevano volentieri un po\u2019 di pi\u00fa per il noleggio auto, ma ottenevano in cambio <strong>un\u2019esperienza indimenticabile e a pieno contatto con lo spirito libero che si respira a Formentera<\/strong>.<\/p>\n<p>Al giorno d\u2019oggi <strong>\u00e8 abbastanza facile affittare un Mehari a Formentera<\/strong>, dato che quasi tutti i noleggiatori li hanno nel loro parco macchine.<br \/>\nPer visualizzare i prezzi del noleggio auto <strong>clicca sul seguente banner<\/strong> ed imposta le date. Puoi anche utilizzare il nostro codice sconto \u201cformentera vuela\u201d.<\/p>\n<p><a href=\"https:\/\/www.formenteravuela.com\/noleggio-auto-formentera\"><img decoding=\"async\" loading=\"lazy\" class=\"alignnone size-full wp-image-2471\" src=\"\/public\/uploads\/2019\/11\/Clicca-qui.jpg\" alt=\"\" width=\"1000\" height=\"200\" srcset=\"\/magazine\/public\/uploads\/2019\/11\/Clicca-qui.jpg 1000w, \/magazine\/public\/uploads\/2019\/11\/Clicca-qui-300x60.jpg 300w, \/magazine\/public\/uploads\/2019\/11\/Clicca-qui-768x154.jpg 768w, \/magazine\/public\/uploads\/2019\/11\/Clicca-qui-990x198.jpg 990w\" sizes=\"(max-width: 1000px) 100vw, 1000px\" \/><\/a><\/p>\n<h3><strong>La nuova era, il lancio del E-Mehari a Formentera nel 2016<\/strong><\/h3>\n<p>Quando Citro\u00ebn ha annunciato che <strong>avrebbe presentato la nuova versione elettrica del Mehari proprio a Formentera<\/strong>, \u00e8 stato come se il cerchio si fosse chiuso una volta per tutte.<br \/>\nQuesto <strong>veicolo iconico<\/strong> che tanto aveva caratterizzato gli anni migliori di quest\u2019isola, tornava ad essere protagonista nella sua <strong>versione ecologica<\/strong> proprio qui, dove il governo insulare si \u00e8 prefisso l\u2019obiettivo di rendere totalmente elettrico l\u2019intero parco veicoli entro il 2050.<br \/>\n\u00c8 ora possibile quindi <strong>noleggiare un Mehari elettrico a Formentera<\/strong>, per fondere lo spirito hippy con quello ecologico e contribuire a rendere pi\u00f9 sostenibile il turismo nella pi\u00f9 piccola delle Isole Baleari.<\/p>\n<p><img decoding=\"async\" loading=\"lazy\" class=\"alignnone size-large wp-image-2678\" src=\"\/public\/uploads\/2020\/02\/mehari-1024x683.jpg\" alt=\"\" width=\"1024\" height=\"683\" srcset=\"\/magazine\/public\/uploads\/2020\/02\/mehari.jpg 1024w, \/magazine\/public\/uploads\/2020\/02\/mehari-300x200.jpg 300w, \/magazine\/public\/uploads\/2020\/02\/mehari-768x512.jpg 768w, \/magazine\/public\/uploads\/2020\/02\/mehari-414x276.jpg 414w, \/magazine\/public\/uploads\/2020\/02\/mehari-470x313.jpg 470w, \/magazine\/public\/uploads\/2020\/02\/mehari-640x426.jpg 640w, \/magazine\/public\/uploads\/2020\/02\/mehari-130x86.jpg 130w, \/magazine\/public\/uploads\/2020\/02\/mehari-187x124.jpg 187w, \/magazine\/public\/uploads\/2020\/02\/mehari-990x660.jpg 990w\" sizes=\"(max-width: 1024px) 100vw, 1024px\" \/><\/p>\n","protected":false},"excerpt":{"rendered":"<p>Il Citro\u00ebn\u00a0Mehari e Formentera hanno da sempre unito le loro strade, in un idillio di stile e sensazione di libert\u00e0 che dagli anni \u00b460 ad oggi non si \u00e8 mai rotto. Noleggiare uno di questi veicoli mitici render\u00e0 la vostra vacanza sull\u2019isola un\u2019esperienza unica ed indimenticabile. Un veicolo storico, dal 1968 ad oggi I primi [&hellip;]<\/p>\n","protected":false},"author":2,"featured_media":2682,"comment_status":"closed","ping_status":"closed","sticky":false,"template":"","format":"standard","meta":{"footnotes":""},"categories":[49],"tags":[119,267,293,295,160,294],"_links":{"self":[{"href":"https:\/\/www.formenteravuela.com\/magazine\/wp-json\/wp\/v2\/posts\/2674"}],"collection":[{"href":"https:\/\/www.formenteravuela.com\/magazine\/wp-json\/wp\/v2\/posts"}],"about":[{"href":"https:\/\/www.formenteravuela.com\/magazine\/wp-json\/wp\/v2\/types\/post"}],"author":[{"embeddable":true,"href":"https:\/\/www.formenteravuela.com\/magazine\/wp-json\/wp\/v2\/users\/2"}],"replies":[{"embeddable":true,"href":"https:\/\/www.formenteravuela.com\/magazine\/wp-json\/wp\/v2\/comments?post=2674"}],"version-history":[{"count":8,"href":"https:\/\/www.formenteravuela.com\/magazine\/wp-json\/wp\/v2\/posts\/2674\/revisions"}],"predecessor-version":[{"id":2879,"href":"https:\/\/www.formenteravuela.com\/magazine\/wp-json\/wp\/v2\/posts\/2674\/revisions\/2879"}],"wp:featuredmedia":[{"embeddable":true,"href":"https:\/\/www.formenteravuela.com\/magazine\/wp-json\/wp\/v2\/media\/2682"}],"wp:attachment":[{"href":"https:\/\/www.formenteravuela.com\/magazine\/wp-json\/wp\/v2\/media?parent=2674"}],"wp:term":[{"taxonomy":"category","embeddable":true,"href":"https:\/\/www.formenteravuela.com\/magazine\/wp-json\/wp\/v2\/categories?post=2674"},{"taxonomy":"post_tag","embeddable":true,"href":"https:\/\/www.formenteravuela.com\/magazine\/wp-json\/wp\/v2\/tags?post=2674"}],"curies":[{"name":"wp","href":"https:\/\/api.w.org\/{rel}","templated":true}]}}