{"id":2313,"date":"2019-08-09T15:58:25","date_gmt":"2019-08-09T13:58:25","guid":{"rendered":"http:\/\/magazine.formenteravuela.com\/?p=2313"},"modified":"2020-05-02T16:00:51","modified_gmt":"2020-05-02T14:00:51","slug":"vacanze-a-formentera-a-settembre-offerte-consigli-di-viaggio","status":"publish","type":"post","link":"https:\/\/www.formenteravuela.com\/magazine\/consigli-pratici\/vacanze-a-formentera-a-settembre-offerte-consigli-di-viaggio\/","title":{"rendered":"Vacanze a Formentera a Settembre &#8211; OFFERTE &#038; consigli di viaggio"},"content":{"rendered":"<p>Probabilmente anche tu hai dovuto passare Agosto al lavoro, o magari in citt\u00e0, e non hai potuto goderti come tutti i tuoi amici le famigerate <strong>vacanze estive<\/strong>. Non disperare, secondo noi hai fatto la cosa giusta! Le <strong>vacanze a Settembre a Formentera<\/strong> sono il momento <strong>perfetto<\/strong> per rilassarsi e godersi veramente lo spirito selvaggio de la Isla Bonita!<\/p>\n<h2>Tutti i consigli e le offerte last minute, per una viaggio indimenticabile a Formentera a Settembre!<\/h2>\n<p>Non tutti hanno la possibilit\u00e0 di viaggiare o andare al mare durante i mesi caldi dell\u2019estate, un po&#8217; per impegni personali o forse anche per i prezzi eccessivi di voli, appartamenti e hotel. Tanti cos\u00ec decidono di rimandare a Settembre il momento di spensieratezza, e a dirla tutta, anche secondo noi \u00e8 <strong>uno dei momenti migliori<\/strong> per godersi i tour panoramici verso le zone di Cap de Barberia, o tuffarsi nelle acque cristalline di Cal\u00f2 des Mort senza avere la ressa estiva.<\/p>\n<h3>Il tempo e il meteo a Settembre<\/h3>\n<p>L\u2019estate non \u00e8 finita, anzi! A Settembre le <strong>giornate sono ancora lunghe<\/strong>, il sole tramonta verso le 20\u2013 20:30 e il tempo di scorazzare di giorno e sorseggiare un aperitivo in uno dei mitici locali lungo la spiaggia di Migjorn come il fantastico \u201cPirata\u201d, \u00e8 assolutamente pi\u00f9 che sufficiente.<\/p>\n<p>Le temperature sono sicuramente in leggero calo, rispetto alle punte di Agosto, ma il sole \u00e8 ancora abbastanza forte per tornare a casa con una bella tintarella e tuffarsi tranquillamente nelle <strong>fresche acque<\/strong> di spiagge come Illetas. Alla sera soprattutto, l\u2019aria diventa un po&#8217; pi\u00f9 frizzantina; vi consigliamo perci\u00f2 di non dimenticarvi un giacchetta e un pantalone lungo per la sera, soprattutto se avete in mente di affittare uno scooter o una moto.<\/p>\n\n<table id=\"tablepress-1\" class=\"tablepress tablepress-id-1\">\n<thead>\n<tr class=\"row-1 odd\">\n\t<th class=\"column-1\">&nbsp;<\/th><th class=\"column-2\">MAGGIO<\/th><th class=\"column-3\">GIUGNO<\/th><th class=\"column-4\">LUGLIO<\/th><th class=\"column-5\">AGOSTO<\/th><th class=\"column-6\">SETTEMBRE<\/th><th class=\"column-7\">OTTOBRE<\/th>\n<\/tr>\n<\/thead>\n<tbody class=\"row-hover\">\n<tr class=\"row-2 even\">\n\t<td class=\"column-1\">Temperatura aria media<br \/>\nMIN - MAX<\/td><td class=\"column-2\">14 - 22 C\u00b0<\/td><td class=\"column-3\">17 - 26 C\u00b0<\/td><td class=\"column-4\">21 - 29 C\u00b0<\/td><td class=\"column-5\">21 - 30 C\u00b0<\/td><td class=\"column-6\">19 - 28 C\u00b0<\/td><td class=\"column-7\">16 - 24 C\u00b0<\/td>\n<\/tr>\n<tr class=\"row-3 odd\">\n\t<td class=\"column-1\">Temperatura mare media<br \/>\n<\/td><td class=\"column-2\">18 C\u00b0<\/td><td class=\"column-3\">21 C\u00b0<\/td><td class=\"column-4\">24 C\u00b0<\/td><td class=\"column-5\">26 C\u00b0<\/td><td class=\"column-6\">24 C\u00b0<\/td><td class=\"column-7\">22 C\u00b0<\/td>\n<\/tr>\n<tr class=\"row-4 even\">\n\t<td class=\"column-1\">Giorni di precipitazione medie<\/td><td class=\"column-2\">5<\/td><td class=\"column-3\">3<\/td><td class=\"column-4\">1<\/td><td class=\"column-5\">3<\/td><td class=\"column-6\">4<\/td><td class=\"column-7\">5<\/td>\n<\/tr>\n<\/tbody>\n<\/table>\n<!-- #tablepress-1 from cache -->\n<figure id=\"attachment_2321\" aria-describedby=\"caption-attachment-2321\" style=\"width: 521px\" class=\"wp-caption alignright\"><img decoding=\"async\" loading=\"lazy\" class=\"wp-image-2321\" src=\"\/public\/uploads\/2019\/08\/Illetas-a-settmbre-245x300.jpg\" alt=\"\" width=\"521\" height=\"638\" srcset=\"\/magazine\/public\/uploads\/2019\/08\/Illetas-a-settmbre-245x300.jpg 245w, \/magazine\/public\/uploads\/2019\/08\/Illetas-a-settmbre.jpg 640w\" sizes=\"(max-width: 521px) 100vw, 521px\" \/><figcaption id=\"caption-attachment-2321\" class=\"wp-caption-text\">IG @kravelist<\/figcaption><\/figure>\n<h3>Perch\u00e9 s\u00ec e perch\u00e9 no<\/h3>\n<p>I vantaggi o svantaggi che vi possano spingere a fare la scelta di posticipare il vostro viaggio a Formentera a Settembre possono essere diversi, e noi vogliamo elencarvene qualcuno.<\/p>\n<p>Probabilmente se sei un giovane di 20 anni, in cerca della vera movida dell\u2019isola con i suoi pienoni alle feste, piuttosto che la voglia di buttarsi nella mondanit\u00e0 ogni sera, questo potrebbe essere un punto a suo svantaggio.<\/p>\n<p>Se invece hai bisogno di immergerti nel vero ambiente dell\u2019isola, tornare in <strong>contatto con la natura<\/strong>, percepire quello che era l\u2019isola negli anni \u201980 con il suo spirito e la <strong>cultura hippie<\/strong> che la contraddistingueva, piuttosto che allontanarti totalmente dalla confusione e dalla frenesia delle citt\u00e0, b\u00e8 allora stai facendo la scelta perfetta!<\/p>\n<h3>Non dimentichiamoci dei prezzi<\/h3>\n<p>Sicuramente uno dei grossi vantaggi di passare le tue ferie a <strong>Settembre<\/strong>, \u00e8 per poter risparmiare un po&#8217; di soldi, che male al portafoglio sicuramente non fa.<\/p>\n<p>Partiamo dalle compagnie di volo Low Cost, come le pi\u00f9 famose ryanair, easyjet o vueling che operano dall\u2019Italia verso Ibiza (l\u2019aeroporto d\u2019arrivo per poi traghettare a Formentera) direttamente senza scalo, che andando verso il tramonto dell\u2019estate, iniziano a operare sconti e offerte, <strong>abbassando<\/strong> notevolmente quella che erano le <strong>tariffe<\/strong> dei mesi precedenti.<\/p>\n<p>Stessa cosa vale a dire per gli <strong><a href=\"https:\/\/formenteravuela.com\/\">appartamenti e case a Formentera<\/a><\/strong>, dove i prezzi subiscono drasticamente una riduzione dei prezzi di almeno del 30 % o del 40 %, agevolando cos\u00ec i viaggiatori e spingendo tutti quanti ad allungare la stagione fino a Ottobre, per non parlare poi delle offerte <strong>Last minute di Settembre<\/strong> a prezzi scontatissimi!!<\/p>\n<p>Non serve solo il volo e l\u2019alloggio per passare una bella vacanza qui con noi, ma c\u2019\u00e8 necessit\u00e0 anche di muoversi durante il giorno per scoprire gli angoli di paradiso che tornano lentamente alla sua bellezza originale. Anche i <a href=\"https:\/\/formenteravuela.com\/noleggia-un-veicolo\">noleggiatori di auto e moto<\/a> riducono le proprie tariffe, permettendovi cos\u00ec di affittare un mezzo che altrimenti in alta stagione sarebbe troppo dispendioso. Ad esempio ? Che te ne pare di un fantastico <strong>mehari elettrico<\/strong>, oppure di un Ducati <strong>Scrambler<\/strong> ? \u00a0A te la scelta \ud83d\ude09<\/p>\n<p><a href=\"https:\/\/www.formenteravuela.com\/\"><img decoding=\"async\" loading=\"lazy\" class=\"alignnone size-full wp-image-2765\" src=\"\/public\/uploads\/2020\/04\/Vacanze-a-Forment.jpg\" alt=\"\" width=\"1000\" height=\"354\" srcset=\"\/magazine\/public\/uploads\/2020\/04\/Vacanze-a-Forment.jpg 1000w, \/magazine\/public\/uploads\/2020\/04\/Vacanze-a-Forment-300x106.jpg 300w, \/magazine\/public\/uploads\/2020\/04\/Vacanze-a-Forment-768x272.jpg 768w, \/magazine\/public\/uploads\/2020\/04\/Vacanze-a-Forment-990x350.jpg 990w\" sizes=\"(max-width: 1000px) 100vw, 1000px\" \/><\/a><\/p>\n<h3>Eventi, mercatini e feste<\/h3>\n<p>Gli eventi in tutta l\u2019isola non cessano di esistere a Settembre, offrendo tutti i servizi per i turisti fino alla fine del mese. Ad esempio il famoso <strong>mercatino della Mola<\/strong> del Mercoled\u00ec e del Sabato con i suoi gruppi musicali dal vivo, piuttosto che il consueto appuntamento giornaliero con il lungomare di Es Pujols vengono effettuati regolarmente, con un po&#8217; pi\u00f9 di spazio e meno frenesia.<\/p>\n<p>I <strong>locali serali per gli aperitivi<\/strong> e i post cena, e le discoteche notturne dell\u2019isola continuano, seppur in maniera leggermente ridotta, la loro programmazione settimanale. Cos\u00ec il mitico Tipic o il Pineta, vi daranno la possibilit\u00e0 di passare una nottata di festa e di balli fino all\u2019alba anche in questo periodo fuori stagione.<\/p>\n<p>Insomma, le offerte per le <strong>vacanze a Settembre a Formentera<\/strong> sicuramente non mancano, \u00a0sta solo a voi coglierne l\u2019occasione !<\/p>\n<p>Visita la nostra pagina dedicata alle offerte per gli <a href=\"https:\/\/formenteravuela.com\/\">appartamenti in offerta a Settembre<\/a>, piuttosto che per l\u2019affitto di auto e scooter.<\/p>\n<p>Vi aspettiamo qui sull\u2019isola, in uno dei mesi pi\u00f9 belli dell\u2019anno!<\/p>\n","protected":false},"excerpt":{"rendered":"<p>Probabilmente anche tu hai dovuto passare Agosto al lavoro, o magari in citt\u00e0, e non hai potuto goderti come tutti i tuoi amici le famigerate vacanze estive. Non disperare, secondo noi hai fatto la cosa giusta! Le vacanze a Settembre a Formentera sono il momento perfetto per rilassarsi e godersi veramente lo spirito selvaggio de [&hellip;]<\/p>\n","protected":false},"author":2,"featured_media":2323,"comment_status":"closed","ping_status":"closed","sticky":false,"template":"","format":"standard","meta":{"footnotes":""},"categories":[51],"tags":[],"_links":{"self":[{"href":"https:\/\/www.formenteravuela.com\/magazine\/wp-json\/wp\/v2\/posts\/2313"}],"collection":[{"href":"https:\/\/www.formenteravuela.com\/magazine\/wp-json\/wp\/v2\/posts"}],"about":[{"href":"https:\/\/www.formenteravuela.com\/magazine\/wp-json\/wp\/v2\/types\/post"}],"author":[{"embeddable":true,"href":"https:\/\/www.formenteravuela.com\/magazine\/wp-json\/wp\/v2\/users\/2"}],"replies":[{"embeddable":true,"href":"https:\/\/www.formenteravuela.com\/magazine\/wp-json\/wp\/v2\/comments?post=2313"}],"version-history":[{"count":16,"href":"https:\/\/www.formenteravuela.com\/magazine\/wp-json\/wp\/v2\/posts\/2313\/revisions"}],"predecessor-version":[{"id":2327,"href":"https:\/\/www.formenteravuela.com\/magazine\/wp-json\/wp\/v2\/posts\/2313\/revisions\/2327"}],"wp:featuredmedia":[{"embeddable":true,"href":"https:\/\/www.formenteravuela.com\/magazine\/wp-json\/wp\/v2\/media\/2323"}],"wp:attachment":[{"href":"https:\/\/www.formenteravuela.com\/magazine\/wp-json\/wp\/v2\/media?parent=2313"}],"wp:term":[{"taxonomy":"category","embeddable":true,"href":"https:\/\/www.formenteravuela.com\/magazine\/wp-json\/wp\/v2\/categories?post=2313"},{"taxonomy":"post_tag","embeddable":true,"href":"https:\/\/www.formenteravuela.com\/magazine\/wp-json\/wp\/v2\/tags?post=2313"}],"curies":[{"name":"wp","href":"https:\/\/api.w.org\/{rel}","templated":true}]}}