{"id":2009,"date":"2017-05-09T16:32:13","date_gmt":"2017-05-09T14:32:13","guid":{"rendered":"http:\/\/magazine.formenteravuela.com\/?p=2009"},"modified":"2023-10-09T11:54:30","modified_gmt":"2023-10-09T09:54:30","slug":"formentera-secondo-noi","status":"publish","type":"post","link":"https:\/\/www.formenteravuela.com\/magazine\/vivi-lisola\/formentera-secondo-noi\/","title":{"rendered":"Formentera secondo noi: intervista ai soci"},"content":{"rendered":"\n<p>Alessio e Silvio sono i due&nbsp;<strong>soci fondatori<\/strong>&nbsp;dell&#8217;agenzia FormenteraVuela. Attraverso il loro&nbsp;<strong>portale di informazione turistica e di prenotazione hotel ed appartamenti<\/strong>&nbsp;muovono ogni anno migliaia di turisti ormai dal 2012.<\/p>\n\n\n\n<p>Sono presenti tra Ibiza e Formentera da pi\u00f9 di 10 anni, proviamo quindi a chiedere qualche consiglio sulla pi\u00f9 piccola delle&nbsp;<strong>isole Baleari<\/strong>.<\/p>\n\n\n\n<p><strong>Perch\u00e8&nbsp;Formentera?<\/strong><\/p>\n\n\n\n<p><em>Silvio: Perch\u00e8 \u00e8 unica!<\/em><\/p>\n\n\n\n<p><em>Alessio: La magia dei suoi colori<\/em><\/p>\n\n\n\n<p><strong>Perch\u00e8 scegliere Formentera per le\u00a0vacanze estive?<\/strong><\/p>\n\n\n\n<p><em>S: Vedi sopra \ud83d\ude09 L&#8217;isola \u00e8 bellissima e l&#8217;atmosfera che si respira vi far\u00e0 innamorare.. Il vero problema \u00e8 che crea dipendenza e dovrete tornarci spesso!<\/em><\/p>\n\n\n\n<p><em>A: Perch\u00e8 ha tutto quello che uno si aspetti da una vacanza senza paragoni : le spiagge pi\u00f9 belle del mediterraneo, sapori per stuzzicare il vostro palato, tramonti da brivido, e la sua movida notturna&#8230;serve qualcos\u2019altro?<\/em><\/p>\n\n\n\n<p><strong>Qual\u2019\u00e8 la spiaggia migliore dell\u2019isola?<\/strong><\/p>\n\n\n\n<p><em>S: La&nbsp;<strong>Playa de Illetas<\/strong>&nbsp;non ha veramente niente da invidiare a nessun&#8217;altra spiaggia al mondo<\/em><\/p>\n\n\n\n<p><em>A: Iletas ; anche in alta stagione ha posto per voi.<\/em><\/p>\n\n\n\n<p><strong>E la tua spiaggia preferita? Perch\u00e8?<\/strong><\/p>\n\n\n\n<p><em>S: Personalmente sono innamorato della Playa des Arenals, alla fine di Mitjorn<\/em><\/p>\n\n\n\n<p><em>A: Cal\u00f2 des mort;&nbsp;<strong>un angolo riservato<\/strong>&nbsp;per pochi e veri intenditori.<\/em><\/p>\n\n\n\n<p><strong>Dove consigli di&nbsp;<a href=\"http:\/\/www.formenteravuela.com\/it\/formentera\/appartamenti-es-pujols\">alloggiare per una vacanza sull\u2019isola<\/a>?<\/strong><\/p>\n\n\n\n<p><em>S: Dipende da cosa si cerca&#8230; per stare tranquilli e rilassati meglio stare a Mitjorn, se si cerca la movida meglio Es Pujols.<\/em><\/p>\n\n\n\n<p><em>A: Io penso che l&#8217;ideale sia stare in una zona centrica, di modo da potersi muovere comodamente sia di giorno, tra una spiaggia e l&#8217;altra, che di sera. Per esempio La Savina o Sant Ferran, che sono anche 2 valide opzioni per trovare soluzioni ottime anche per rapporto qualit\u00e0\/prezzo.<\/em><\/p>\n\n\n\n<p><strong>Hotel o appartamento<\/strong>?<\/p>\n\n\n\n<p><em>S: Direi appartamento, magari non mi affiderei ad un privato, non si sa mai. Ma ci sono tanti aparthotel che offrono gli stessi servizi di un albergo, con il plus di un angolo cottura.<\/em><\/p>\n\n\n\n<p><em>A: Sull&#8217;isola ci sono buoni hotel, soprattutto ad Es Pujols, ma non c&#8217;\u00e8 molta offerta, per questo a volte il prezzo sembra eccessivo. Alla fine&nbsp;<strong>conviene quasi sempre scegliere un appartamento<\/strong>&nbsp;o aparthotel.<\/em><\/p>\n\n\n\n<p><strong>Perch\u00e8 pensi che i clienti dovrebbero scegliere la vostra agenzia?<\/strong><\/p>\n\n\n\n<p><em>S: Perch\u00e8 siamo un&#8217;<strong>agenzia locale<\/strong>, possiamo quindi consigliare con cognizione di causa su quale sia la miglior opzione per il cliente.<\/em><\/p>\n\n\n\n<p><em>A: Avere un supoorto locale invece che un call center che risponde dall\u2019altra parte d\u2019Europa, ha il suo valore aggiunto.<\/em><\/p>\n\n\n\n<p><strong>Qual\u2019\u00e8\u00a0il miglior chiringuito\u00a0per respirare a pieni polmoni l\u2019atmosfera unica di Formentera?<\/strong><\/p>\n\n\n\n<p><em>S: L&#8217;Amore Iodio di Es Cal\u00f3 era forse la miglior sintesi della Formentera moderna, peccato che non gli abbiano rinnovato i permessi&#8230; Al momento forse propenderei per il Lucky a&nbsp;<strong>Mitjorn<\/strong>.<\/em><\/p>\n\n\n\n<p><em>A: Bersi un&nbsp;<strong>mojito<\/strong>&nbsp;come si faceva 20 anni fa; il Pirata Bus \u00e8 una delle pietre angolari di Formentera, va premiata con un&nbsp;<strong>drink al tramonto<\/strong>.<\/em><\/p>\n\n\n\n<p><strong>La migliore festa dell\u2019isola?<\/strong><\/p>\n\n\n\n<p><em>S: La&nbsp;<strong>Flower Power&nbsp;<\/strong>de La Mola, a met\u00e0 giugno. \u00ca uno spettacolo.. Tutti vestiti da hippy, si balla in piazza fino al mattino, veramente da non perdere!<\/em><\/p>\n\n\n\n<p><em>A: Se volete respirare un p\u00f2 di Spagna, non perdete la festa di San Joan.\u00a1 Viva Espa\u00f1a !<\/em><\/p>\n\n\n\n<p><strong>Dove andresti per mangiare una buona\u00a0paella?<\/strong><\/p>\n\n\n\n<p><em>S: Can Rafalet ad Es Cal\u00f3. Se poi si prenota con un po&#8217; di anticipo si pu\u00f2 chiedere un tavolo sulla terrazza esterna e&nbsp;<strong>la vista \u00e8 impareggiabile<\/strong>.<\/em><\/p>\n\n\n\n<p><em>A: Sa Platgeta, direttamente&nbsp;<\/em><em><a href=\"http:\/\/www.formenteravuela.com\/it\/formentera\/appartamenti-migjorn\">sulla spiaggia di Mitjorn<\/a><\/em><em>&nbsp;e con i tavoli sparsi nella pineta. 100% mediterraneo! In pi\u00f9 fanno una Hierbas tra le pi\u00f9 buone dell&#8217;isola..&nbsp;<\/em><\/p>\n\n\n\n<p><strong>Dove andare per vedere il tramonto a Formentera?<\/strong><\/p>\n\n\n\n<p><em>S: Beh, dalla spiaggia di Illetas \u00e8 spettacolare, ma personalmente preferisco bermi uno spritz al Caf\u00e9 del lago, a&nbsp;<strong>La Savina<\/strong>. Adoro la vista sul laghetto salato di fronte al ristorante.<\/em><\/p>\n\n\n\n<p><em>A: La spiaggia di Mitjorn offre una vista unica, e l\u2019unica cosa che vi rimane da fare \u00e8 scegliere il chiringuito giusto per passare un momento capace di farvi innamorare.<\/em><\/p>\n\n\n\n<p><strong>Ti svegli ed \u00e8 nuvolo, quali sono le migliori opzioni per godersi comunque la giornata?<\/strong><\/p>\n\n\n\n<p><em>S: Intanto torno a dormire&#8230;. poi brunch al Caf\u00e9 Matinal di&nbsp;<strong>Sant Francesc<\/strong>&nbsp;e dopo andrei a visitare i fari.&nbsp;<\/em><em><a href=\"http:\/\/www.formenteravuela.com\/aperitivo-a-formentera\">Aperitivo ad Es Pujols<\/a><\/em><em>&nbsp;e festa fino al mattino dopo!<\/em><\/p>\n\n\n\n<p><em>A: Mai stati a&nbsp;<strong>Ibiza<\/strong>? Giornata di shopping, giro per la strade tipiche del centro, 2 tapas in pieno relax, e se le forze lo permettono&#8230;.. fiesta all\u2019<strong>Ushuaia<\/strong>!!<\/em><\/p>\n\n\n\n<p><strong>Potendo scegliere, qual&#8217;\u00e8 il miglior periodo per visitare l&#8217;isola?<\/strong><\/p>\n\n\n\n<p><em>S: Met\u00e0 settembre, mi piacciono le giornate di fine estate perch\u00e8 la luce \u00e8 diversa&#8230; ma&nbsp;<strong>l&#8217;isola \u00e8&nbsp;sempre bellissima<\/strong>, venite quando potete!!<\/em><\/p>\n\n\n\n<p><em>A: La bassa stagione, specialmente in&nbsp;<strong>primavera&nbsp;<\/strong>(Maggio\/Giugno) quando le giornate sono pi\u00f9 lunghe e si pu\u00f2 stare in spiaggia fino a sera.<\/em><\/p>\n\n\n\n<p><strong>Motorino, auto, bici o quad.. Quale mezzo consigli di affittare?<\/strong><\/p>\n\n\n\n<p><em>S: Se siete allenati direi bici, vi sentirete a pieno contatto con la meravigliosa natura dell&#8217;isola. Il quad proprio no&#8230; fanno un gran casino, e poi dal 2016 non possono pi\u00f9 entrare alla spiaggia di Illetas (per fortuna!).<\/em><\/p>\n\n\n\n<p><em>A: Potendo scegliere direi che&nbsp;<\/em><em><a href=\"http:\/\/www.formenteravuela.com\/noleggia-un-veicolo\">il motorino \u00e8 il miglior mezzo in assoluto<\/a><\/em><em>: facile da parcheggiare sia in centro che in spiaggia. Sarebbe bello che i noleggiatori dell&#8217;isola puntassero di pi\u00f9 sulle moto elettriche, di modo da ridurre drasticamente sia l&#8217;inquinamento che la contaminazione auditiva, che \u00e8 uno dei problemi di cui gli isolani si lamentano di pi\u00f9.<\/em><\/p>\n\n\n\n<p><strong>Ci potresti dire qual&#8217;\u00e8 il tuo miglior ricordo legato a Formentera?<\/strong><\/p>\n\n\n\n<p><em>S: Anni fa un&nbsp;<strong>chiringuito di Mitjorn<\/strong>&nbsp;era diventato celebre per un cocktail chiamato &#8220;Calippo Loco&#8221;: bicchiere di vodka con dentro un calippo! Le giornate di mare diventavano un vero divertimento&#8230;..<\/em><\/p>\n\n\n\n<p><em>A: Una giornata di Ottobre,&nbsp;un tramonto al&nbsp;<strong>faro de Cap de Barberia<\/strong>&nbsp;in compagnia di amici; tante risate con l\u2019aria frizzantina che annunciava l\u2019arrivo dell\u2019inverno e la fine della stagione. La felicit\u00e0 con un pizzico di nostalgia&#8230; non troppa per\u00f2, perch\u00e8 l\u2019estate \u00e8 sempre dietro l\u2019angolo!<\/em><\/p>\n\n\n\n<p>Vi aspettiamo sull\u2019isola!!<\/p>\n","protected":false},"excerpt":{"rendered":"<p>Alessio e Silvio sono i due&nbsp;soci fondatori&nbsp;dell&#8217;agenzia FormenteraVuela. Attraverso il loro&nbsp;portale di informazione turistica e di prenotazione hotel ed appartamenti&nbsp;muovono ogni anno migliaia di turisti ormai dal 2012. Sono presenti tra Ibiza e Formentera da pi\u00f9 di 10 anni, proviamo quindi a chiedere qualche consiglio sulla pi\u00f9 piccola delle&nbsp;isole Baleari. Perch\u00e8&nbsp;Formentera? Silvio: Perch\u00e8 \u00e8 unica! [&hellip;]<\/p>\n","protected":false},"author":2,"featured_media":2010,"comment_status":"closed","ping_status":"closed","sticky":false,"template":"","format":"standard","meta":{"footnotes":""},"categories":[49],"tags":[62,54,63,160],"_links":{"self":[{"href":"https:\/\/www.formenteravuela.com\/magazine\/wp-json\/wp\/v2\/posts\/2009"}],"collection":[{"href":"https:\/\/www.formenteravuela.com\/magazine\/wp-json\/wp\/v2\/posts"}],"about":[{"href":"https:\/\/www.formenteravuela.com\/magazine\/wp-json\/wp\/v2\/types\/post"}],"author":[{"embeddable":true,"href":"https:\/\/www.formenteravuela.com\/magazine\/wp-json\/wp\/v2\/users\/2"}],"replies":[{"embeddable":true,"href":"https:\/\/www.formenteravuela.com\/magazine\/wp-json\/wp\/v2\/comments?post=2009"}],"version-history":[{"count":4,"href":"https:\/\/www.formenteravuela.com\/magazine\/wp-json\/wp\/v2\/posts\/2009\/revisions"}],"predecessor-version":[{"id":3961,"href":"https:\/\/www.formenteravuela.com\/magazine\/wp-json\/wp\/v2\/posts\/2009\/revisions\/3961"}],"wp:featuredmedia":[{"embeddable":true,"href":"https:\/\/www.formenteravuela.com\/magazine\/wp-json\/wp\/v2\/media\/2010"}],"wp:attachment":[{"href":"https:\/\/www.formenteravuela.com\/magazine\/wp-json\/wp\/v2\/media?parent=2009"}],"wp:term":[{"taxonomy":"category","embeddable":true,"href":"https:\/\/www.formenteravuela.com\/magazine\/wp-json\/wp\/v2\/categories?post=2009"},{"taxonomy":"post_tag","embeddable":true,"href":"https:\/\/www.formenteravuela.com\/magazine\/wp-json\/wp\/v2\/tags?post=2009"}],"curies":[{"name":"wp","href":"https:\/\/api.w.org\/{rel}","templated":true}]}}