{"id":1756,"date":"2023-01-23T12:55:00","date_gmt":"2023-01-23T11:55:00","guid":{"rendered":"http:\/\/magazine.formenteravuela.com\/?p=1756"},"modified":"2023-01-23T12:57:31","modified_gmt":"2023-01-23T11:57:31","slug":"dove-si-trova-formentera-un-po-di-geografia-sul-cuore-selvaggio-delle-baleari","status":"publish","type":"post","link":"https:\/\/www.formenteravuela.com\/magazine\/natura\/dove-si-trova-formentera-un-po-di-geografia-sul-cuore-selvaggio-delle-baleari\/","title":{"rendered":"Dove si trova Formentera? Un po&#8217; di geografia sul cuore selvaggio delle Baleari"},"content":{"rendered":"\n<p><em>Forse \u00e8 considerabile la versione moderna dell\u2019isola che non c\u2019\u00e8\u2026 Ma esiste eccome!&nbsp;E allora proviamo a rispondere all\u2019apparentemente facile domanda \u201cDove si trova Formentera?\u201d, cos\u00ec sar\u00e0 per tutti pi\u00f9 facile prendere il volo per cercare l\u2019eterna giovent\u00f9!<\/em><\/p>\n\n\n\n<h2 class=\"wp-block-heading\"><strong>Dove si trova l&#8217;isola di Formentera rispetto a\u2026<\/strong><\/h2>\n\n\n\n<p>Cerchiamo di collocare visivamente l\u2019isola rispetto alla costa spagnola e alle altre isole e isolotti vicini. Formentera \u00e8 la pi\u00f9 piccola delle isole Baleari, un sinonimo di bella vita, sole e un mare che non teme confronti. Le Baleari sono un arcipelago situato nel Mediterraneo occidentale, una comunit\u00e0 autonoma spagnola di cui fa parte anche la bellissima isola di Formentera. Ubicato proprio <strong>di fronte alla costa spagnola<\/strong>, questo gruppo d&#8217;isole, dista da Denia, in provincia di Valencia, che circa 120 km.<\/p>\n\n\n\n<p>A pochi chilometri (circa 3 in linea d\u2019aria) da Formentera si trova <strong>l\u2019isola d&#8217;Ibiza<\/strong>, con cui condivide l\u2019aeroporto, ma da porto a porto ci sono circa 20 km, che sono coperti dai\u00a0<a href=\"http:\/\/magazine.formenteravuela.com\/consigli-pratici\/traghetto-ibiza-formentera-informazioni-e-consigli-utili-per-muoversi-senza-problemi-tra-le-isole\/\">traghetti veloci in mezz\u2019ora<\/a>. Ci sono varie compagnie che fanno trasporto passeggeri per unire le due localit\u00e0. Se state pianificando una vacanza da queste parti vi consigliamo di fare una ricerca sul web per scoprire le vantaggiose offerte per chi prenota il transfer con anticipo.<\/p>\n\n\n\n<div class=\"wp-block-image\"><figure class=\"aligncenter\"><img decoding=\"async\" loading=\"lazy\" width=\"1000\" height=\"680\" src=\"\/public\/uploads\/2018\/05\/Where.jpg\" alt=\"\" class=\"wp-image-1761\" srcset=\"\/magazine\/public\/uploads\/2018\/05\/Where.jpg 1000w, \/magazine\/public\/uploads\/2018\/05\/Where-300x204.jpg 300w, \/magazine\/public\/uploads\/2018\/05\/Where-768x522.jpg 768w, \/magazine\/public\/uploads\/2018\/05\/Where-990x673.jpg 990w, \/magazine\/public\/uploads\/2018\/05\/Where-379x259.jpg 379w\" sizes=\"(max-width: 1000px) 100vw, 1000px\" \/><\/figure><\/div>\n\n\n\n<h2 class=\"wp-block-heading\"><strong>Dove si trova Formentera?<\/strong><\/h2>\n\n\n\n<p>Le 2 isole vicine formano un sub-arcipelago chiamato Isole Pitiuse (<em>Islas Pitiusas<\/em>). Il nome deriva dal greco e indica l\u2019abbondanza di pini marittimi che, insieme ad altre conifere chiamate sabine, formano la maggioranza della vegetazione locale. Se state guardando una cartina del Mediterraneo per capire<strong>&nbsp;dove si trova Formentera<\/strong>&nbsp;avrete bisogno di un buon colpo d\u2019occhio, perch\u00e9 l\u2019isola \u00e8 molto piccola, poco pi\u00f9 di 80 chilometri quadrati. Grazie alla sua forma allungata, per\u00f2, gode in proporzione di moltissima costa: quasi 70 km di meravigliose spiagge di sabbia bianca, calette in cui ripararsi, piscine di roccia naturali, scogliere mozzafiato\u2026 Insomma, una vera meraviglia per le vostre vacanze!<\/p>\n\n\n\n<p>Che sia proprio questo il segreto dell\u2019isola? Distanze brevi e conseguente comodit\u00e0 e accessibilit\u00e0 a tutte le spiagge in questione di pochi minuti. Pensate che con una bici si pu\u00f2 perfettamente visitare quasi tutta l\u2019isola, o comunque muoversi agilmente tra le migliori spiagge. Ovviamente una volta che avrete noleggiato il mezzo pi\u00f9 adatto a voi (normalmente un\u00a0<a href=\"http:\/\/magazine.formenteravuela.com\/consigli-pratici\/noleggio-motorino-formentera\/\">piccolo scooter \u00e8 il veicolo pi\u00f9 gettonato<\/a>\u00a0per chi passa qui le sue vacanze) vi consigliamo di farvi comunque dare una\u00a0<strong>mappa dettagliata delle strade principali<\/strong>, ma soprattutto di quelle secondarie, dove \u00e8 bellissimo perdersi tra le pinete, le casette rurali e i campi. Che poi perdersi in realt\u00e0 \u00e8 difficile, perch\u00e9 gira e rigira si arriva sempre al mare!!<\/p>\n\n\n\n<h2 class=\"wp-block-heading\"><strong>Formentera isola delle Baleari dal clima mediterraneo<\/strong><\/h2>\n\n\n\n<p>Il clima di Formentera \u00e8 tipicamente mediterraneo e rientra nel cosiddetto temperato-caldo, nella subcategoria levantina-baleare. Tradotto in soldoni:&nbsp;<strong>300 giorni di sole all\u2019anno<\/strong>, estati calde e secche, inverni temperati e precipitazioni scarse. Una vera pacchia!<\/p>\n\n\n\n<p>Il clima d\u2019inverno \u00e8 mite. I mesi invernali, da dicembre a marzo, sono caratterizzati da giornate soleggiate, ma tiepide e qualche acquazzone sporadico che abbassa di qualche grado le temperature. Nella stagione fredda il vento soffia con forza e sferza il territorio pianeggiante, con forti correnti che battono tutta l\u2019isola. \u00c8 davvero molto difficile che faccia veramente freddo, forse solo la notte, le temperature minime possono avvicinarsi allo zero. Per quanto riguarda invece la temperatura del mare, beh, sconsigliamo vivamente di fare il bagno d\u2019inverno! L\u2019acqua abbraccia i bagnanti in una fredda stretta di 13-14 gradi massimo!<\/p>\n\n\n\n<p>Ma veniamo all\u2019estate, periodo durante il quale la popolazione aumenta in modo esponenziale grazie al turismo che attrae milioni di visitatori che cercano temperature miti e giornate assolate. Da met\u00e0 giugno a met\u00e0 settembre, Formentera d\u00e0 il meglio di s\u00e9. Giornate lunghe, assolate, caldissime e precipitazioni praticamente assenti. I cieli di Formentera sono sempre (o quasi) tersi. Le giornate sono lunghissime, arrivano a durare addirittura 15 ore di luce. Ideale per godersi appieno le meraviglie di un paradiso in terra. Solo un consiglio, mettete la protezione solare, \u00e8 facile, infatti, scottarsi sotto i raggi del Sole di Formentera, perch\u00e9 durante l\u2019estate sono pi\u00f9 perpendicolari rispetto al resto dell\u2019anno.<\/p>\n\n\n\n<h2 class=\"wp-block-heading\"><strong>Formentera vista dall\u2019alto<\/strong><\/h2>\n\n\n\n<p>Un\u2019altra caratteristica importante della morfologia dell\u2019isola \u00e8 che non ci sono rilievi importanti, dato che la vetta pi\u00f9 alta dell\u2019isola \u00e8<em>&nbsp;La Mola<\/em>, con solo 192 metri di altezza. Dalla sua \u201cvertiginosa\u201d altitudine \u00e8 per\u00f2 possibile godere di&nbsp;<strong>spettacolari scorci panoramici<\/strong>&nbsp;per cui vale assolutamente la pena andarci. Una volta arrivati in cima, mappa alla mano, studiate e godetevi con calma dall\u2019alto la meraviglia del mare azzurro che bagna le spiagge dell\u2019isola.<\/p>\n\n\n\n<p>Se cercate panorami mozzafiato non perdetevi il <strong>Belvedere di Formentera<\/strong>. Sulla strada che conduce a La Mola c\u2019\u00e8 un punto panoramico da non lasciarsi scappare, una tappa obbligatoria per chi visita l\u2019isola. Attraversato <strong>Es Cal\u00f3 de Sant Agust\u00ed<\/strong>, poco prima di raggiungere la vetta, si trova un grazioso ristorante affacciato sul versante ovest dell\u2019isola. Qui \u00e8 possibile parcheggiare comodamente l\u2019auto e godere appieno di una vista FANTASTICA! Con una sola occhiata \u00e8 possibile ammirare tutta la costa occidentale di Formentera, un modo pratico e divertente anche per rendersi conto meglio di <strong>dove si trova Formentera<\/strong>. Dall\u2019alto della piccola collina \u00e8 possibile ammirare i colori strepitosi del tramonto, magari sorseggiando un cocktail.<\/p>\n\n\n\n<p>Gli osservatori pi\u00f9 attenti, noteranno che, in alcuni giorni, il mare apparir\u00e0 mosso da un lato e calmo dall\u2019altro. Una peculiarit\u00e0 dovuta proprio alla conformazione morfologica dell\u2019isola. Se volete godere ogni giorno della vostra vacanza di questo panorama incredibile, vi consigliamo di scegliere un appartamento nei dintorni. Sulla nostra piattaforma potete fare una ricerca <a href=\"https:\/\/www.formenteravuela.com\/it\/appartamenti\/resto-isola\"><strong>qui<\/strong><\/a><strong> <\/strong>selezionando come filtri \u201cresto dell\u2019isola\u201d. Troverete un\u2019accurata selezione di alberghi, case vacanze e appartamenti tranquilli, economici e vicinissimi ad alcune delle <a href=\"https:\/\/www.formenteravuela.com\/spiagge-di-formentera\"><strong>spiagge pi\u00f9 belle di Formentera<\/strong><\/a>.<\/p>\n\n\n\n<h2 class=\"wp-block-heading\"><strong>Dove Formentera \u00e8 baciata dal mare\u2026<\/strong><\/h2>\n\n\n\n<p>Per tornare alla domanda iniziale:<strong> \u201cDove si trova Formentera?\u201d <\/strong>Rispondiamo semplicemente con: \u201cin mezzo al mare\u201d. Ma non \u00e8 un mare qualunque. \u00c8 il cuore del Mediterraneo, dove cielo e acqua si incontrano e danno vita a un meraviglioso quadro di colori, rumori e odori. L\u2019acqua che circonda l\u2019isola \u00e8 cristallina, un biglietto d\u2019invito a tuffarsi e non uscire pi\u00f9.<\/p>\n\n\n\n<p>La trasparenza \u00e8 da imputare alle praterie sottomarine di <strong>posidonia oceanica<\/strong> che circondano, letteralmente, l\u2019intera isola. L\u2019alga ha la peculiarit\u00e0, tra le altre, di ossigenare l\u2019acqua circostante rendendola cos\u00ec chiarissima e limpida. Un vero e proprio Patrimonio dell\u2019Umanit\u00e0 (dichiarato tale nel 1999) che permette, inoltre, alla sabbia di depositarsi lungo tutta la costa dell\u2019isola. Ecco spiegato perch\u00e9 Formentera possiede ben 70 km di costa incontaminata.<\/p>\n\n\n\n<h2 class=\"wp-block-heading\"><strong>Mare delle Baleari: una finestra sul Mediterraneo<\/strong><\/h2>\n\n\n\n<p>Chiudiamo con un consiglio. Formentera \u00e8 la porta di accesso al Mar Mediterraneo occidentale. Una delle meraviglie naturali pi\u00f9 belle che si possa desiderare di ammirare durante una vacanza. Se avete intenzione di passare le vostre prossime vacanze su quest\u2019isola, vi suggeriamo di far ricadere la vostra scelta su <a href=\"https:\/\/www.formenteravuela.com\/it\/appartamenti\/sul-mare\"><strong>Formentera<\/strong> <strong>appartamenti sul mare<\/strong><\/a>. Perch\u00e9 la vista di questa meraviglia del mondo, non stanca mai, non ne avrete mai abbastanza e sar\u00e0 il ricordo pi\u00f9 bello che vi riporterete a casa.<\/p>\n\n\n\n<p>Speriamo con le nostre indicazioni di avervi aiutato a capire meglio dove si trova Formentera, la nostra isola che non c&#8217;\u00e8!<\/p>\n","protected":false},"excerpt":{"rendered":"<p>Forse \u00e8 considerabile la versione moderna dell\u2019isola che non c\u2019\u00e8\u2026 Ma esiste eccome!&nbsp;E allora proviamo a rispondere all\u2019apparentemente facile domanda \u201cDove si trova Formentera?\u201d, cos\u00ec sar\u00e0 per tutti pi\u00f9 facile prendere il volo per cercare l\u2019eterna giovent\u00f9! Dove si trova l&#8217;isola di Formentera rispetto a\u2026 Cerchiamo di collocare visivamente l\u2019isola rispetto alla costa spagnola e [&hellip;]<\/p>\n","protected":false},"author":1,"featured_media":1759,"comment_status":"closed","ping_status":"closed","sticky":false,"template":"","format":"standard","meta":{"footnotes":""},"categories":[48],"tags":[62,60,63,61],"_links":{"self":[{"href":"https:\/\/www.formenteravuela.com\/magazine\/wp-json\/wp\/v2\/posts\/1756"}],"collection":[{"href":"https:\/\/www.formenteravuela.com\/magazine\/wp-json\/wp\/v2\/posts"}],"about":[{"href":"https:\/\/www.formenteravuela.com\/magazine\/wp-json\/wp\/v2\/types\/post"}],"author":[{"embeddable":true,"href":"https:\/\/www.formenteravuela.com\/magazine\/wp-json\/wp\/v2\/users\/1"}],"replies":[{"embeddable":true,"href":"https:\/\/www.formenteravuela.com\/magazine\/wp-json\/wp\/v2\/comments?post=1756"}],"version-history":[{"count":3,"href":"https:\/\/www.formenteravuela.com\/magazine\/wp-json\/wp\/v2\/posts\/1756\/revisions"}],"predecessor-version":[{"id":3730,"href":"https:\/\/www.formenteravuela.com\/magazine\/wp-json\/wp\/v2\/posts\/1756\/revisions\/3730"}],"wp:featuredmedia":[{"embeddable":true,"href":"https:\/\/www.formenteravuela.com\/magazine\/wp-json\/wp\/v2\/media\/1759"}],"wp:attachment":[{"href":"https:\/\/www.formenteravuela.com\/magazine\/wp-json\/wp\/v2\/media?parent=1756"}],"wp:term":[{"taxonomy":"category","embeddable":true,"href":"https:\/\/www.formenteravuela.com\/magazine\/wp-json\/wp\/v2\/categories?post=1756"},{"taxonomy":"post_tag","embeddable":true,"href":"https:\/\/www.formenteravuela.com\/magazine\/wp-json\/wp\/v2\/tags?post=1756"}],"curies":[{"name":"wp","href":"https:\/\/api.w.org\/{rel}","templated":true}]}}