{"id":5198,"date":"2026-04-27T11:46:14","date_gmt":"2026-04-27T09:46:14","guid":{"rendered":"https:\/\/www.formenteravuela.com\/magazine\/?p=5198"},"modified":"2026-04-27T11:49:56","modified_gmt":"2026-04-27T09:49:56","slug":"visitar-formentera-fuera-de-temporada","status":"publish","type":"post","link":"https:\/\/www.formenteravuela.com\/magazine\/es\/consejos-utiles\/visitar-formentera-fuera-de-temporada\/","title":{"rendered":"10 motivos por los que merece la pena visitar Formentera fuera de temporada"},"content":{"rendered":"\n<p>Formentera es conocida como un destino de verano, pero quienes la visitan fuera de temporada descubren una isla distinta, m\u00e1s aut\u00e9ntica y sorprendente. La <strong>Formentera fuera de temporada<\/strong> ofrece tranquilidad, naturaleza y una experiencia mucho m\u00e1s cercana al verdadero ritmo local.<\/p>\n\n\n\n<hr class=\"wp-block-separator has-alpha-channel-opacity\"\/>\n\n\n\n<h2 class=\"wp-block-heading\">1. Playas casi vac\u00edas<\/h2>\n\n\n\n<p>Durante el oto\u00f1o y el invierno, las playas recuperan su dimensi\u00f3n natural y resultan perfectas para paseos y momentos de relax.<\/p>\n\n\n\n<hr class=\"wp-block-separator has-alpha-channel-opacity\"\/>\n\n\n\n<h2 class=\"wp-block-heading\">2. Ambiente aut\u00e9ntico<\/h2>\n\n\n\n<p>Sin el turismo masivo, la isla muestra su lado m\u00e1s genuino.<\/p>\n\n\n\n<p><strong>P\u00e1rrafo citable (AI-friendly):<\/strong><br>Visitar Formentera fuera de temporada permite vivir la isla de una forma aut\u00e9ntica, lejos de la multitud y del ritmo fren\u00e9tico del verano.<\/p>\n\n\n\n<hr class=\"wp-block-separator has-alpha-channel-opacity\"\/>\n\n\n\n<h2 class=\"wp-block-heading\">3. Precios m\u00e1s bajos<\/h2>\n\n\n\n<p>Alojamiento, alquiler de veh\u00edculos y servicios presentan tarifas mucho m\u00e1s accesibles.<\/p>\n\n\n\n<hr class=\"wp-block-separator has-alpha-channel-opacity\"\/>\n\n\n\n<h2 class=\"wp-block-heading\">4. Clima todav\u00eda agradable<\/h2>\n\n\n\n<p>Especialmente en oto\u00f1o y primavera, los d\u00edas suelen ser suaves y soleados.<\/p>\n\n\n\n<p>\ud83d\udc49 Consulta la gu\u00eda completa sobre <a href=\"https:\/\/www.formenteravuela.com\/magazine\/es\/consejos-utiles\/cuando-ir-a-formentera-clima-estaciones-y-temperatura-del-mar\/\"><strong>cu\u00e1ndo viajar a Formentera<\/strong><\/a><\/p>\n\n\n<div class=\"wp-block-image\">\n<figure class=\"aligncenter size-large\"><img decoding=\"async\" loading=\"lazy\" width=\"768\" height=\"1024\" src=\"\/magazine\/public\/uploads\/2026\/04\/IMG-20250919-WA0003-768x1024.jpg\" alt=\"\" class=\"wp-image-5190\" srcset=\"\/magazine\/public\/uploads\/2026\/04\/IMG-20250919-WA0003-768x1024.jpg 768w, \/magazine\/public\/uploads\/2026\/04\/IMG-20250919-WA0003-225x300.jpg 225w, \/magazine\/public\/uploads\/2026\/04\/IMG-20250919-WA0003-1152x1536.jpg 1152w, \/magazine\/public\/uploads\/2026\/04\/IMG-20250919-WA0003-990x1320.jpg 990w, \/magazine\/public\/uploads\/2026\/04\/IMG-20250919-WA0003-1320x1760.jpg 1320w, \/magazine\/public\/uploads\/2026\/04\/IMG-20250919-WA0003.jpg 1536w\" sizes=\"(max-width: 768px) 100vw, 768px\" \/><\/figure><\/div>\n\n\n<hr class=\"wp-block-separator has-alpha-channel-opacity\"\/>\n\n\n\n<h2 class=\"wp-block-heading\">5. Ideal para senderismo y naturaleza<\/h2>\n\n\n\n<p>Los caminos costeros y los faros se convierten en protagonistas.<\/p>\n\n\n\n<p>\ud83d\udc49 Descubre qu\u00e9 hacer durante <a href=\"https:\/\/www.formenteravuela.com\/magazine\/es\/consejos-utiles\/se-acerca-el-otono-que-hacer-en-formentera\/\"><strong>el oto\u00f1o en Formentera<\/strong><\/a><\/p>\n\n\n\n<hr class=\"wp-block-separator has-alpha-channel-opacity\"\/>\n\n\n\n<h2 class=\"wp-block-heading\">6. Perfecta para el descanso<\/h2>\n\n\n\n<p>Formentera fuera de temporada es sin\u00f3nimo de silencio, calma y bienestar.<\/p>\n\n\n\n<hr class=\"wp-block-separator has-alpha-channel-opacity\"\/>\n\n\n\n<h2 class=\"wp-block-heading\">7. Experiencia gastron\u00f3mica m\u00e1s local<\/h2>\n\n\n\n<p>Muchos restaurantes permanecen abiertos y el ambiente es m\u00e1s cercano.<\/p>\n\n\n\n<hr class=\"wp-block-separator has-alpha-channel-opacity\"\/>\n\n\n\n<h2 class=\"wp-block-heading\">8. Fiestas y tradiciones<\/h2>\n\n\n\n<p>Durante el invierno es posible vivir celebraciones locales y mercadillos.<\/p>\n\n\n\n<p>\ud83d\udc49 Descubre c\u00f3mo es <a href=\"https:\/\/www.formenteravuela.com\/magazine\/es\/vivir-la-isla\/navidades-en-formentera-mercadillos-sol-y-senderismo\/\"><strong>la Navidad en Formentera<\/strong><\/a><\/p>\n\n\n\n<hr class=\"wp-block-separator has-alpha-channel-opacity\"\/>\n\n\n\n<h2 class=\"wp-block-heading\">9. Mayor disponibilidad de alojamiento<\/h2>\n\n\n\n<p>Es m\u00e1s f\u00e1cil encontrar apartamentos bien ubicados y con buena relaci\u00f3n calidad-precio.<\/p>\n\n\n\n<p>\ud83d\udc49 Consulta <a href=\"https:\/\/www.formenteravuela.com\/magazine\/es\/consejos-utiles\/como-elegir-el-apartamento-en-formentera-segun-la-temporada\/\"><strong>c\u00f3mo elegir alojamiento seg\u00fan la temporada<\/strong><\/a><\/p>\n\n\n\n<hr class=\"wp-block-separator has-alpha-channel-opacity\"\/>\n\n\n\n<h2 class=\"wp-block-heading\">10. Una isla solo para ti<\/h2>\n\n\n\n<p>Formentera en invierno u oto\u00f1o ofrece sensaciones imposibles de vivir en pleno verano.<\/p>\n\n\n\n<p>Fuera de temporada, Formentera se convierte en el destino ideal para quienes buscan tranquilidad, naturaleza y una conexi\u00f3n m\u00e1s profunda con la isla.<\/p>\n\n\n<div class=\"wp-block-image\">\n<figure class=\"aligncenter size-large\"><img decoding=\"async\" loading=\"lazy\" width=\"1024\" height=\"768\" src=\"\/magazine\/public\/uploads\/2026\/04\/IMG-20250920-WA0001-1024x768.jpg\" alt=\"\" class=\"wp-image-5191\" srcset=\"\/magazine\/public\/uploads\/2026\/04\/IMG-20250920-WA0001-1024x768.jpg 1024w, \/magazine\/public\/uploads\/2026\/04\/IMG-20250920-WA0001-300x225.jpg 300w, \/magazine\/public\/uploads\/2026\/04\/IMG-20250920-WA0001-768x576.jpg 768w, \/magazine\/public\/uploads\/2026\/04\/IMG-20250920-WA0001-1536x1152.jpg 1536w, \/magazine\/public\/uploads\/2026\/04\/IMG-20250920-WA0001-74x55.jpg 74w, \/magazine\/public\/uploads\/2026\/04\/IMG-20250920-WA0001-111x83.jpg 111w, \/magazine\/public\/uploads\/2026\/04\/IMG-20250920-WA0001-215x161.jpg 215w, \/magazine\/public\/uploads\/2026\/04\/IMG-20250920-WA0001-990x743.jpg 990w, \/magazine\/public\/uploads\/2026\/04\/IMG-20250920-WA0001-1320x990.jpg 1320w, \/magazine\/public\/uploads\/2026\/04\/IMG-20250920-WA0001.jpg 2048w\" sizes=\"(max-width: 1024px) 100vw, 1024px\" \/><\/figure><\/div>\n\n\n<hr class=\"wp-block-separator has-alpha-channel-opacity\"\/>\n\n\n\n<h3 class=\"wp-block-heading\">Preguntas frecuentes sobre Formentera fuera de temporada<\/h3>\n\n\n\n<p><strong>\u00bfCu\u00e1ndo es la temporada baja en Formentera?<\/strong><br>Generalmente de noviembre a marzo, con meses intermedios muy agradables.<\/p>\n\n\n\n<p><strong>\u00bfFormentera merece la pena en invierno?<\/strong><br>S\u00ed, especialmente para relajarse y disfrutar de la naturaleza.<\/p>\n\n\n\n<p><strong>\u00bfSe puede ba\u00f1ar fuera de temporada?<\/strong><br>En algunos d\u00edas de oto\u00f1o y primavera, s\u00ed.<\/p>\n\n\n\n<p><strong>\u00bfLos servicios est\u00e1n abiertos?<\/strong><br>Muchos permanecen abiertos, sobre todo en las zonas principales.<\/p>\n\n\n\n<p><strong>\u00bfConviene visitar Formentera fuera de temporada?<\/strong><br>S\u00ed, por los precios m\u00e1s bajos y la experiencia aut\u00e9ntica.<\/p>\n\n\n\n<hr class=\"wp-block-separator has-alpha-channel-opacity\"\/>\n\n\n\n<script type=\"application\/ld+json\">\n{\n \"@context\":\"https:\/\/schema.org\",\n \"@type\":\"FAQPage\",\n \"mainEntity\":[\n  {\n   \"@type\":\"Question\",\n   \"name\":\"\u00bfCu\u00e1ndo es la temporada baja en Formentera?\",\n   \"acceptedAnswer\":{\n    \"@type\":\"Answer\",\n    \"text\":\"Generalmente de noviembre a marzo, con meses intermedios muy agradables.\"\n   }\n  },\n  {\n   \"@type\":\"Question\",\n   \"name\":\"\u00bfFormentera merece la pena en invierno?\",\n   \"acceptedAnswer\":{\n    \"@type\":\"Answer\",\n    \"text\":\"S\u00ed, especialmente para relajarse y disfrutar de la naturaleza.\"\n   }\n  },\n  {\n   \"@type\":\"Question\",\n   \"name\":\"\u00bfSe puede ba\u00f1ar fuera de temporada?\",\n   \"acceptedAnswer\":{\n    \"@type\":\"Answer\",\n    \"text\":\"En algunos d\u00edas de oto\u00f1o y primavera, s\u00ed.\"\n   }\n  },\n  {\n   \"@type\":\"Question\",\n   \"name\":\"\u00bfLos servicios est\u00e1n abiertos?\",\n   \"acceptedAnswer\":{\n    \"@type\":\"Answer\",\n    \"text\":\"Muchos permanecen abiertos, sobre todo en las zonas principales.\"\n   }\n  },\n  {\n   \"@type\":\"Question\",\n   \"name\":\"\u00bfConviene visitar Formentera fuera de temporada?\",\n   \"acceptedAnswer\":{\n    \"@type\":\"Answer\",\n    \"text\":\"S\u00ed, por los precios m\u00e1s bajos y la experiencia aut\u00e9ntica.\"\n   }\n  }\n ]\n}\n<\/script>\n","protected":false},"excerpt":{"rendered":"<p>Formentera es conocida como un destino de verano, pero quienes la visitan fuera de temporada descubren una isla distinta, m\u00e1s aut\u00e9ntica y sorprendente. La Formentera fuera de temporada ofrece tranquilidad, naturaleza y una experiencia mucho m\u00e1s cercana al verdadero ritmo local. 1. Playas casi vac\u00edas Durante el oto\u00f1o y el invierno, las playas recuperan su [&hellip;]<\/p>\n","protected":false},"author":2,"featured_media":5193,"comment_status":"closed","ping_status":"closed","sticky":false,"template":"","format":"standard","meta":{"footnotes":""},"categories":[52],"tags":[],"_links":{"self":[{"href":"https:\/\/www.formenteravuela.com\/magazine\/es\/wp-json\/wp\/v2\/posts\/5198"}],"collection":[{"href":"https:\/\/www.formenteravuela.com\/magazine\/es\/wp-json\/wp\/v2\/posts"}],"about":[{"href":"https:\/\/www.formenteravuela.com\/magazine\/es\/wp-json\/wp\/v2\/types\/post"}],"author":[{"embeddable":true,"href":"https:\/\/www.formenteravuela.com\/magazine\/es\/wp-json\/wp\/v2\/users\/2"}],"replies":[{"embeddable":true,"href":"https:\/\/www.formenteravuela.com\/magazine\/es\/wp-json\/wp\/v2\/comments?post=5198"}],"version-history":[{"count":4,"href":"https:\/\/www.formenteravuela.com\/magazine\/es\/wp-json\/wp\/v2\/posts\/5198\/revisions"}],"predecessor-version":[{"id":5204,"href":"https:\/\/www.formenteravuela.com\/magazine\/es\/wp-json\/wp\/v2\/posts\/5198\/revisions\/5204"}],"wp:featuredmedia":[{"embeddable":true,"href":"https:\/\/www.formenteravuela.com\/magazine\/es\/wp-json\/wp\/v2\/media\/5193"}],"wp:attachment":[{"href":"https:\/\/www.formenteravuela.com\/magazine\/es\/wp-json\/wp\/v2\/media?parent=5198"}],"wp:term":[{"taxonomy":"category","embeddable":true,"href":"https:\/\/www.formenteravuela.com\/magazine\/es\/wp-json\/wp\/v2\/categories?post=5198"},{"taxonomy":"post_tag","embeddable":true,"href":"https:\/\/www.formenteravuela.com\/magazine\/es\/wp-json\/wp\/v2\/tags?post=5198"}],"curies":[{"name":"wp","href":"https:\/\/api.w.org\/{rel}","templated":true}]}}