{"id":4485,"date":"2024-05-12T12:01:08","date_gmt":"2024-05-12T10:01:08","guid":{"rendered":"https:\/\/www.formenteravuela.com\/magazine\/?p=4485"},"modified":"2024-11-15T16:23:29","modified_gmt":"2024-11-15T15:23:29","slug":"el-mirador-formentera-vista-panoramica","status":"publish","type":"post","link":"https:\/\/www.formenteravuela.com\/magazine\/es\/naturaleza\/el-mirador-formentera-vista-panoramica\/","title":{"rendered":"El Mirador Formentera: una vista panor\u00e1mica del ed\u00e9n balear"},"content":{"rendered":"\n<p>Situado en la parte occidental de Formentera, <strong>El Mirador Formentera<\/strong> ofrece una espectacular vista panor\u00e1mica de la isla. Este mirador ofrece una vista inigualable del agua turquesa, las playas de arena fina y el mar cristalino que caracterizan a la isla.<\/p>\n\n\n\n<p>Siendo uno de los puntos m\u00e1s altos, la vista desde el Mirador de Formentera es absolutamente imperdible. Es un <strong>lugar m\u00e1gico<\/strong> que atrae a visitantes deseosos de abrazar la belleza natural y la serenidad que impregnan este rinc\u00f3n del Mediterr\u00e1neo. Por supuesto, desde aqu\u00ed se pueden <strong>hacer fotos impresionantes<\/strong>, \u00a1que conseguir\u00e1n un mont\u00f3n de \u201c<em>me gusta<\/em>\u201d en las redes sociales!<\/p>\n\n\n\n<h2 class=\"wp-block-heading\">D\u00f3nde est\u00e1 El Mirador Formentera y c\u00f3mo llegar<\/h2>\n\n\n\n<p>El Mirador de Formentera es accesible tanto en coche como en moto, o en bicicleta, pero solo para los m\u00e1s entrenados. De hecho, se encuentra casi al final de una subida de unos 3 km, con fuertes pendientes en algunos tramos. La carretera hacia el Mirador es ya una <strong>experiencia de viaje<\/strong>, con impresionantes vistas que se revelan a lo largo del trayecto. Una oportunidad que no debes perderte para explorar la belleza de los alrededores antes de llegar a este pintoresco lugar. Su ubicaci\u00f3n privilegiada en lo alto de una colina <strong>garantiza una vista sin obst\u00e1culos<\/strong>, lo que permite a los visitantes disfrutar plenamente de la magnificencia de Formentera.<\/p>\n\n\n\n<p>El pueblo m\u00e1s cercano al mirador es <strong>La Mola<\/strong>, una encantadora aldea que conserva la autenticidad de la isla. Tras disfrutar de la vista panor\u00e1mica, muchos visitantes optan por visitarlo, ya que es uno de <a href=\"https:\/\/www.formenteravuela.com\/magazine\/es\/cultura-y-eventos\/los-5-pueblos-mas-bonitos-de-formentera-nuestra-guia\/\">los pueblos m\u00e1s bonitos de Formentera<\/a>. Por cierto, es aqu\u00ed donde en verano tiene lugar el famoso <a href=\"https:\/\/www.formenteravuela.com\/es\/mercadillos-formentera\">mercadillo hippy de Formentera<\/a>, tambi\u00e9n conocido como <em>Fira Artesanal<\/em>.<\/p>\n\n\n\n<p>Para los amantes del <strong>senderismo<\/strong>, hay una hermosa ruta panor\u00e1mica que llega hasta el Mirador: el <strong>Camino Romano de La Mola<\/strong>. Se trata de una ruta fascinante que transporta al visitante a la historia. Rodeado de exuberante vegetaci\u00f3n e impresionantes vistas, este antiguo sendero revela los secretos de <strong>la \u00e9poca romana en la isla<\/strong>. Los restos arqueol\u00f3gicos que se encuentran a lo largo del sendero ofrecen un v\u00ednculo \u00fanico con el pasado, haciendo de este viaje una experiencia para recordar siempre. Un paseo por este sendero es, en nuestra opini\u00f3n, una de las cosas que se pueden hacer en Formentera, adem\u00e1s de visitar sus playas, por supuesto.<\/p>\n\n\n<div class=\"wp-block-image\">\n<figure class=\"aligncenter size-large\"><img decoding=\"async\" loading=\"lazy\" width=\"1024\" height=\"683\" src=\"\/magazine\/public\/uploads\/2024\/05\/faro-mola-1024x683.jpg\" alt=\"\" class=\"wp-image-4483\" srcset=\"\/magazine\/public\/uploads\/2024\/05\/faro-mola-1024x683.jpg 1024w, \/magazine\/public\/uploads\/2024\/05\/faro-mola-300x200.jpg 300w, \/magazine\/public\/uploads\/2024\/05\/faro-mola-768x512.jpg 768w, \/magazine\/public\/uploads\/2024\/05\/faro-mola-1536x1024.jpg 1536w, \/magazine\/public\/uploads\/2024\/05\/faro-mola-414x276.jpg 414w, \/magazine\/public\/uploads\/2024\/05\/faro-mola-470x313.jpg 470w, \/magazine\/public\/uploads\/2024\/05\/faro-mola-640x426.jpg 640w, \/magazine\/public\/uploads\/2024\/05\/faro-mola-130x86.jpg 130w, \/magazine\/public\/uploads\/2024\/05\/faro-mola-187x124.jpg 187w, \/magazine\/public\/uploads\/2024\/05\/faro-mola-990x660.jpg 990w, \/magazine\/public\/uploads\/2024\/05\/faro-mola-1320x880.jpg 1320w, \/magazine\/public\/uploads\/2024\/05\/faro-mola.jpg 1900w\" sizes=\"(max-width: 1024px) 100vw, 1024px\" \/><\/figure><\/div>\n\n\n<h2 class=\"wp-block-heading\">El Mirador de Formentera: una experiencia fotogr\u00e1fica \u00fanica<\/h2>\n\n\n\n<p>Para los amantes de la fotograf\u00eda, El Mirador de Formentera es un para\u00edso visual. La <strong>luz del sol<\/strong> besando la isla y las blancas playas contrastando con <strong>las brillantes aguas turquesas<\/strong>, as\u00ed como la resplandeciente inmensidad del mar, ofrecen innumerables oportunidades para capturar fotos inolvidables. Adem\u00e1s, hay de fondo el espect\u00e1culo natural de la isla de Ibiza, con su escarpada costa.<\/p>\n\n\n\n<p>&nbsp;Los <strong>colores cambiantes del paisaje<\/strong> crean una paleta visual que estimula la creatividad de cualquiera que tenga una c\u00e1mara entre manos. Por no hablar de que tus redes sociales arder\u00e1n de <em>likes<\/em> en cuanto publiques una <strong>foto panor\u00e1mica<\/strong> tomada aqu\u00ed.<\/p>\n\n\n\n<p>El <em>Mirador de Formentera<\/em> es especialmente conocido por sus hermosas puestas de sol. El sol pinta el cielo de tonos <strong>rojos, naranjas y rosas<\/strong>, creando un espect\u00e1culo visual que llega al coraz\u00f3n. La quietud del lugar durante estas horas del d\u00eda hace que la experiencia sea a\u00fan m\u00e1s evocadora, creando una atm\u00f3sfera de paz y contemplaci\u00f3n.<\/p>\n\n\n\n<h2 class=\"wp-block-heading\">Qu\u00e9 hacer en el Mirador de Formentera: los mejores restaurantes y d\u00f3nde alojarse<\/h2>\n\n\n\n<p>El Mirador de Formentera es m\u00e1s que un mirador, es un <strong>oasis de tranquilidad<\/strong>. La brisa marina, el suave sonido de las olas y la inmensidad de los espacios abiertos crean un ambiente ideal para la reflexi\u00f3n y la paz interior. Cualquiera que busque <strong>escapar del ajetreo de la vida cotidiana<\/strong> encontrar\u00e1 aqu\u00ed un refugio sereno.<\/p>\n\n\n<div class=\"wp-block-image\">\n<figure class=\"aligncenter size-large\"><img decoding=\"async\" loading=\"lazy\" width=\"1024\" height=\"684\" src=\"\/magazine\/public\/uploads\/2024\/05\/DSC_0863-1024x684.jpg\" alt=\"\" class=\"wp-image-4479\" srcset=\"\/magazine\/public\/uploads\/2024\/05\/DSC_0863-1024x684.jpg 1024w, \/magazine\/public\/uploads\/2024\/05\/DSC_0863-300x200.jpg 300w, \/magazine\/public\/uploads\/2024\/05\/DSC_0863-768x513.jpg 768w, \/magazine\/public\/uploads\/2024\/05\/DSC_0863-1536x1026.jpg 1536w, \/magazine\/public\/uploads\/2024\/05\/DSC_0863-414x276.jpg 414w, \/magazine\/public\/uploads\/2024\/05\/DSC_0863-470x313.jpg 470w, \/magazine\/public\/uploads\/2024\/05\/DSC_0863-130x86.jpg 130w, \/magazine\/public\/uploads\/2024\/05\/DSC_0863-187x124.jpg 187w, \/magazine\/public\/uploads\/2024\/05\/DSC_0863-990x661.jpg 990w, \/magazine\/public\/uploads\/2024\/05\/DSC_0863-1320x881.jpg 1320w, \/magazine\/public\/uploads\/2024\/05\/DSC_0863.jpg 1800w\" sizes=\"(max-width: 1024px) 100vw, 1024px\" \/><figcaption class=\"wp-element-caption\"><a href=\"https:\/\/elmiradorformentera.com\/\">https:\/\/elmiradorformentera.com\/<\/a><\/figcaption><\/figure><\/div>\n\n\n<p>Una vez hechas las fotos, tambi\u00e9n puede degustar la <strong>cocina tradicional espa\u00f1ola<\/strong> en el restaurante <em>El Mirador<\/em>. Est\u00e1 situado justo enfrente del mirador y dispone de una terraza exterior con mesas con vistas al mar, todo un lujo. Otra opci\u00f3n podr\u00eda ser la braser\u00eda <a href=\"https:\/\/www.formenteravuela.com\/magazine\/es\/vivir-la-isla\/donde-comer-en-la-mola-can-ribs-braseria-formentera-costillas-sin-limites\/\">Can Ribs<\/a>, situada en La Mola. Otra opci\u00f3n, tambi\u00e9n en La Mola, es el restaurante t\u00edpico <em>Sa Figuera<\/em>.<\/p>\n\n\n\n<p>Si te gusta especialmente esta zona, puedes reservar en el resort <a href=\"https:\/\/www.formenteravuela.com\/es\/migjorn\/hotel-maryland-formentera\">Maryland Formentera<\/a>, ideal tambi\u00e9n para unas vacaciones en familia. Si, por el contrario, lo que buscas es una experiencia m\u00e1s \u00edntima y tranquila, puedes optar por los <a href=\"https:\/\/www.formenteravuela.com\/es\/apartamentos\/en-la-playa\">apartamentos Formentera en la playa<\/a> situados en Es Cal\u00f3. Este pueblo de pescadores se encuentra justo a los pies de la subida que conduce al Mirador.<\/p>\n\n\n\n<h3 class=\"wp-block-heading\">Cu\u00e1ndo ir al Mirador de Formentera<\/h3>\n\n\n\n<p>Para disfrutar plenamente de la experiencia en <strong>El Mirador de Formentera<\/strong>, es recomendable visitarlo en momentos clave, como la puesta o la salida del sol. Lleva una manta o un mantel de picnic para sentarte c\u00f3modamente y disfrutar de las vistas. El uso de una c\u00e1mara de calidad ser\u00e1 inestimable para captar la belleza del lugar, pero incluso con un smartphone obtendr\u00e1s resultados sensacionales.<\/p>\n\n\n\n<p>Este mirador es una joya que brilla con luz propia en el archipi\u00e9lago balear. Ofreciendo una <strong>experiencia visual y espiritual sin igual<\/strong>, representa la quintaesencia de la belleza natural de Formentera. Para quienes buscan una combinaci\u00f3n de vistas impresionantes, serenidad e inmersi\u00f3n en la cultura local, El Mirador de Formentera es una parada ineludible en el viaje por esta isla paradis\u00edaca.<\/p>\n","protected":false},"excerpt":{"rendered":"<p>Situado en la parte occidental de Formentera, El Mirador Formentera ofrece una espectacular vista panor\u00e1mica de la isla. Este mirador ofrece una vista inigualable del agua turquesa, las playas de arena fina y el mar cristalino que caracterizan a la isla. Siendo uno de los puntos m\u00e1s altos, la vista desde el Mirador de Formentera [&hellip;]<\/p>\n","protected":false},"author":2,"featured_media":4482,"comment_status":"closed","ping_status":"closed","sticky":false,"template":"","format":"standard","meta":{"footnotes":""},"categories":[90,91,91],"tags":[],"_links":{"self":[{"href":"https:\/\/www.formenteravuela.com\/magazine\/es\/wp-json\/wp\/v2\/posts\/4485"}],"collection":[{"href":"https:\/\/www.formenteravuela.com\/magazine\/es\/wp-json\/wp\/v2\/posts"}],"about":[{"href":"https:\/\/www.formenteravuela.com\/magazine\/es\/wp-json\/wp\/v2\/types\/post"}],"author":[{"embeddable":true,"href":"https:\/\/www.formenteravuela.com\/magazine\/es\/wp-json\/wp\/v2\/users\/2"}],"replies":[{"embeddable":true,"href":"https:\/\/www.formenteravuela.com\/magazine\/es\/wp-json\/wp\/v2\/comments?post=4485"}],"version-history":[{"count":2,"href":"https:\/\/www.formenteravuela.com\/magazine\/es\/wp-json\/wp\/v2\/posts\/4485\/revisions"}],"predecessor-version":[{"id":4488,"href":"https:\/\/www.formenteravuela.com\/magazine\/es\/wp-json\/wp\/v2\/posts\/4485\/revisions\/4488"}],"wp:featuredmedia":[{"embeddable":true,"href":"https:\/\/www.formenteravuela.com\/magazine\/es\/wp-json\/wp\/v2\/media\/4482"}],"wp:attachment":[{"href":"https:\/\/www.formenteravuela.com\/magazine\/es\/wp-json\/wp\/v2\/media?parent=4485"}],"wp:term":[{"taxonomy":"category","embeddable":true,"href":"https:\/\/www.formenteravuela.com\/magazine\/es\/wp-json\/wp\/v2\/categories?post=4485"},{"taxonomy":"post_tag","embeddable":true,"href":"https:\/\/www.formenteravuela.com\/magazine\/es\/wp-json\/wp\/v2\/tags?post=4485"}],"curies":[{"name":"wp","href":"https:\/\/api.w.org\/{rel}","templated":true}]}}