{"id":4409,"date":"2024-03-17T12:17:47","date_gmt":"2024-03-17T11:17:47","guid":{"rendered":"https:\/\/www.formenteravuela.com\/magazine\/?p=4409"},"modified":"2024-11-15T16:14:02","modified_gmt":"2024-11-15T15:14:02","slug":"eventos-formentera","status":"publish","type":"post","link":"https:\/\/www.formenteravuela.com\/magazine\/es\/consejos-utiles\/eventos-formentera\/","title":{"rendered":"Eventos Formentera: cu\u00e1les son los mejores sitios para estar al d\u00eda"},"content":{"rendered":"\n<p>La peque\u00f1a Formentera puede sorprenderte no s\u00f3lo por sus espectaculares playas, sino tambi\u00e9n por su vitalidad. Siempre hay diversos eventos a los que asistir en la isla: exposiciones, <a href=\"https:\/\/www.formenteravuela.com\/magazine\/es\/eventos-formentera-2023eve\/musica-en-vivo-formentera-las-plazas-de-la-isla-como-escenarios\/\">conciertos en las plazas<\/a>, festivales o competiciones deportivas. Por supuesto, quienes eligen Formentera para pasar unas vacaciones de verano buscan sobre todo <strong>mar, playa y diversi\u00f3n<\/strong>. Pero, \u00bfpor qu\u00e9 no aprovechar tu estancia en la isla para asistir a un evento especial?<\/p>\n\n\n\n<p>Para obtener informaci\u00f3n actualizada sobre <strong>eventos en la isla de Formentera<\/strong>, puedes consultar varias p\u00e1ginas web y recursos en l\u00ednea. Ten en cuenta que la disponibilidad y actualizaci\u00f3n de estos sitios puede variar, por lo que siempre es aconsejable consultar varias fuentes para obtener la informaci\u00f3n m\u00e1s correcta. Estos son algunos sitios que pueden proporcionarte detalles sobre eventos en Formentera:<\/p>\n\n\n\n<ol type=\"1\">\n<li><em>Web oficial de turismo de Formentera &#8211; <\/em><a href=\"https:\/\/www.formentera.es\/\"><em>https:\/\/www.formentera.es<\/em><\/a><em>\u00a0<\/em>La web oficial de turismo de Formentera suele ofrecer informaci\u00f3n actualizada sobre los eventos que se celebran en la isla. Puede encontrar detalles sobre festivales, conciertos, exposiciones de arte y otras actividades culturales. <\/li>\n\n\n\n<li><em>Agenda Online del Gobierno Insular &#8211; <\/em><a href=\"https:\/\/www.agendaformentera.cat\/\"><em>https:\/\/www.agendaformentera.cat\/<\/em><\/a><em> \u00a0<\/em><br>Esta p\u00e1gina es un compa\u00f1ero de viaje ideal para estar al d\u00eda de todo lo que ocurre en la isla.<\/li>\n\n\n\n<li><em>Klenda &#8211; <\/em><a href=\"https:\/\/k-lenda.com\/es\"><em>https:\/\/k-lenda.com\/es<\/em><\/a><em>\u00a0<\/em><br>El portal Klenda es quiz\u00e1 el m\u00e1s actualizado y completo. Todos los eventos se publican puntualmente: fiestas de pueblos, exposiciones, conciertos e incluso actividades infantiles. Desc\u00e1rgate su APP para estar al tanto de los pr\u00f3ximos eventos.<\/li>\n\n\n\n<li><em>TripAdvisor &#8211; <\/em><a href=\"http:\/\/www.tripadvisor.com\"><em>www.tripadvisor.com<\/em><\/a><br>La secci\u00f3n \u00abCosas que hacer\u00bb de TripAdvisor para Formentera puede proporcionar informaci\u00f3n sobre eventos actuales y pr\u00f3ximas atracciones. Las opiniones y experiencias de los visitantes pueden ser \u00fatiles.<\/li>\n<\/ol>\n\n\n\n<div class=\"wp-block-columns is-layout-flex wp-container-4 wp-block-columns-is-layout-flex\">\n<div class=\"wp-block-column is-layout-flow wp-block-column-is-layout-flow\">\n<figure class=\"wp-block-image size-full\"><img decoding=\"async\" loading=\"lazy\" width=\"1024\" height=\"682\" src=\"\/magazine\/public\/uploads\/2024\/03\/Blume-1-1024x682-1.jpg\" alt=\"\" class=\"wp-image-4400\" srcset=\"\/magazine\/public\/uploads\/2024\/03\/Blume-1-1024x682-1.jpg 1024w, \/magazine\/public\/uploads\/2024\/03\/Blume-1-1024x682-1-300x200.jpg 300w, \/magazine\/public\/uploads\/2024\/03\/Blume-1-1024x682-1-768x512.jpg 768w, \/magazine\/public\/uploads\/2024\/03\/Blume-1-1024x682-1-414x276.jpg 414w, \/magazine\/public\/uploads\/2024\/03\/Blume-1-1024x682-1-470x313.jpg 470w, \/magazine\/public\/uploads\/2024\/03\/Blume-1-1024x682-1-640x426.jpg 640w, \/magazine\/public\/uploads\/2024\/03\/Blume-1-1024x682-1-130x86.jpg 130w, \/magazine\/public\/uploads\/2024\/03\/Blume-1-1024x682-1-187x124.jpg 187w, \/magazine\/public\/uploads\/2024\/03\/Blume-1-1024x682-1-990x659.jpg 990w\" sizes=\"(max-width: 1024px) 100vw, 1024px\" \/><\/figure>\n<\/div>\n\n\n\n<div class=\"wp-block-column is-layout-flow wp-block-column-is-layout-flow\">\n<figure class=\"wp-block-image size-full\"><img decoding=\"async\" loading=\"lazy\" width=\"1024\" height=\"683\" src=\"\/magazine\/public\/uploads\/2024\/03\/FormenteraMINI-10-1024x683-1.jpg\" alt=\"\" class=\"wp-image-4401\" srcset=\"\/magazine\/public\/uploads\/2024\/03\/FormenteraMINI-10-1024x683-1.jpg 1024w, \/magazine\/public\/uploads\/2024\/03\/FormenteraMINI-10-1024x683-1-300x200.jpg 300w, \/magazine\/public\/uploads\/2024\/03\/FormenteraMINI-10-1024x683-1-768x512.jpg 768w, \/magazine\/public\/uploads\/2024\/03\/FormenteraMINI-10-1024x683-1-414x276.jpg 414w, \/magazine\/public\/uploads\/2024\/03\/FormenteraMINI-10-1024x683-1-470x313.jpg 470w, \/magazine\/public\/uploads\/2024\/03\/FormenteraMINI-10-1024x683-1-640x426.jpg 640w, \/magazine\/public\/uploads\/2024\/03\/FormenteraMINI-10-1024x683-1-130x86.jpg 130w, \/magazine\/public\/uploads\/2024\/03\/FormenteraMINI-10-1024x683-1-187x124.jpg 187w, \/magazine\/public\/uploads\/2024\/03\/FormenteraMINI-10-1024x683-1-990x660.jpg 990w\" sizes=\"(max-width: 1024px) 100vw, 1024px\" \/><\/figure>\n<\/div>\n\n\n\n<div class=\"wp-block-column is-layout-flow wp-block-column-is-layout-flow\">\n<figure class=\"wp-block-image size-large\"><img decoding=\"async\" loading=\"lazy\" width=\"1024\" height=\"683\" src=\"\/magazine\/public\/uploads\/2024\/03\/Ballada_pagesa_santjaume2016_05_ElenaM-1024x683.jpg\" alt=\"\" class=\"wp-image-4402\" srcset=\"\/magazine\/public\/uploads\/2024\/03\/Ballada_pagesa_santjaume2016_05_ElenaM-1024x683.jpg 1024w, \/magazine\/public\/uploads\/2024\/03\/Ballada_pagesa_santjaume2016_05_ElenaM-300x200.jpg 300w, \/magazine\/public\/uploads\/2024\/03\/Ballada_pagesa_santjaume2016_05_ElenaM-768x512.jpg 768w, \/magazine\/public\/uploads\/2024\/03\/Ballada_pagesa_santjaume2016_05_ElenaM-1536x1024.jpg 1536w, \/magazine\/public\/uploads\/2024\/03\/Ballada_pagesa_santjaume2016_05_ElenaM-414x276.jpg 414w, \/magazine\/public\/uploads\/2024\/03\/Ballada_pagesa_santjaume2016_05_ElenaM-470x313.jpg 470w, \/magazine\/public\/uploads\/2024\/03\/Ballada_pagesa_santjaume2016_05_ElenaM-640x426.jpg 640w, \/magazine\/public\/uploads\/2024\/03\/Ballada_pagesa_santjaume2016_05_ElenaM-130x86.jpg 130w, \/magazine\/public\/uploads\/2024\/03\/Ballada_pagesa_santjaume2016_05_ElenaM-187x124.jpg 187w, \/magazine\/public\/uploads\/2024\/03\/Ballada_pagesa_santjaume2016_05_ElenaM-990x660.jpg 990w, \/magazine\/public\/uploads\/2024\/03\/Ballada_pagesa_santjaume2016_05_ElenaM-1320x880.jpg 1320w, \/magazine\/public\/uploads\/2024\/03\/Ballada_pagesa_santjaume2016_05_ElenaM.jpg 1900w\" sizes=\"(max-width: 1024px) 100vw, 1024px\" \/><\/figure>\n<\/div>\n<\/div>\n\n\n\n<h2 class=\"wp-block-heading\">C\u00f3mo encontrar eventos de Formentera en las redes sociales<\/h2>\n\n\n\n<p>Muchos destinos tur\u00edsticos, incluidas las Islas Baleares, tienen varias <strong>p\u00e1ginas y grupos de Facebook<\/strong>. En algunas de estas p\u00e1ginas encontrar\u00e1s a menudo anuncios sobre eventos programados durante el verano. Por ejemplo, busca grupos o p\u00e1ginas como \u00ab<em>Formentera Eventos<\/em>\u00bb para estar al d\u00eda de los eventos que no debes perderte.<\/p>\n\n\n\n<p>Tambi\u00e9n hay un <a href=\"https:\/\/www.formentera.es\/planifica\/formentera-via-whatsapp\/\">servicio de WhatsApp 24 horas de la oficina de turismo de Formentera<\/a>, que permite recibir programas diarios de lo que ocurre en la isla.<\/p>\n\n\n\n<p>Otra forma de encontrar actualizaciones en las redes sociales es hacer una b\u00fasqueda con <em>hashtags<\/em>. Busca por ejemplo <em>#FormenteraEvents<\/em> o <em>#FormenteraActivities<\/em> en plataformas sociales como <strong>Instagram<\/strong> para ver fotos y posts sobre eventos actuales.<\/p>\n\n\n<div class=\"wp-block-image\">\n<figure class=\"aligncenter size-large\"><img decoding=\"async\" loading=\"lazy\" width=\"1024\" height=\"577\" src=\"\/magazine\/public\/uploads\/2024\/03\/IMG20221016114311-1024x577.jpg\" alt=\"\" class=\"wp-image-4403\" srcset=\"\/magazine\/public\/uploads\/2024\/03\/IMG20221016114311-1024x577.jpg 1024w, \/magazine\/public\/uploads\/2024\/03\/IMG20221016114311-300x168.jpg 300w, \/magazine\/public\/uploads\/2024\/03\/IMG20221016114311-768x433.jpg 768w, \/magazine\/public\/uploads\/2024\/03\/IMG20221016114311-1536x866.jpg 1536w, \/magazine\/public\/uploads\/2024\/03\/IMG20221016114311-2048x1155.jpg 2048w, \/magazine\/public\/uploads\/2024\/03\/IMG20221016114311-1320x744.jpg 1320w, \/magazine\/public\/uploads\/2024\/03\/IMG20221016114311-470x264.jpg 470w, \/magazine\/public\/uploads\/2024\/03\/IMG20221016114311-640x360.jpg 640w, \/magazine\/public\/uploads\/2024\/03\/IMG20221016114311-215x120.jpg 215w, \/magazine\/public\/uploads\/2024\/03\/IMG20221016114311-414x232.jpg 414w, \/magazine\/public\/uploads\/2024\/03\/IMG20221016114311-990x558.jpg 990w\" sizes=\"(max-width: 1024px) 100vw, 1024px\" \/><\/figure><\/div>\n\n\n<h2 class=\"wp-block-heading\">Agendas locales o revistas tur\u00edsticas: los m\u00e9todos m\u00e1s cl\u00e1sicos tambi\u00e9n funcionan para informarse sobre eventos en Formentera<\/h2>\n\n\n\n<p>Revistas locales, agendas culturales o publicaciones tur\u00edsticas pueden ofrecer detalles sobre eventos en Formentera. En la isla es habitual encontrar <strong>revistas promocionales<\/strong> que, adem\u00e1s de anunciar restaurantes y comercios locales, tienen una secci\u00f3n con el calendario de eventos. Tambi\u00e9n hay una <strong>oficina de informaci\u00f3n tur\u00edstica<\/strong> en el centro, cerca de los <a href=\"https:\/\/www.formenteravuela.com\/es\/hoteles-resorts\/es-pujols\">hoteles Es Pujols<\/a>.<\/p>\n\n\n\n<p>Recuerda adem\u00e1s que la isla es peque\u00f1a y que la forma m\u00e1s antigua de publicidad sigue funcionando muy bien: el boca a boca. Cuando viajas, siempre es una buena pr\u00e1ctica hablar con los residentes locales. Pide consejo al personal de los <a href=\"https:\/\/www.formenteravuela.com\/es\/apartamentos\">apartamentos Formentera<\/a> en que te alojas o a los amables camareros de tu favorito entre los <a href=\"https:\/\/www.formenteravuela.com\/es\/restaurantes-formentera\">restaurantes Formentera<\/a>. Seguramente si hay eventos imperdibles en esas fechas, ellos podr\u00e1n darte toda la informaci\u00f3n.<\/p>\n\n\n<div class=\"wp-block-image\">\n<figure class=\"aligncenter size-full\"><a href=\"https:\/\/www.formenteravuela.com\/es\"><img decoding=\"async\" loading=\"lazy\" width=\"1000\" height=\"354\" src=\"\/magazine\/public\/uploads\/2020\/04\/Es-Vacanze.jpg\" alt=\"\" class=\"wp-image-2762\" srcset=\"\/magazine\/public\/uploads\/2020\/04\/Es-Vacanze.jpg 1000w, \/magazine\/public\/uploads\/2020\/04\/Es-Vacanze-300x106.jpg 300w, \/magazine\/public\/uploads\/2020\/04\/Es-Vacanze-768x272.jpg 768w, \/magazine\/public\/uploads\/2020\/04\/Es-Vacanze-990x350.jpg 990w\" sizes=\"(max-width: 1000px) 100vw, 1000px\" \/><\/a><\/figure><\/div>","protected":false},"excerpt":{"rendered":"<p>La peque\u00f1a Formentera puede sorprenderte no s\u00f3lo por sus espectaculares playas, sino tambi\u00e9n por su vitalidad. Siempre hay diversos eventos a los que asistir en la isla: exposiciones, conciertos en las plazas, festivales o competiciones deportivas. Por supuesto, quienes eligen Formentera para pasar unas vacaciones de verano buscan sobre todo mar, playa y diversi\u00f3n. Pero, [&hellip;]<\/p>\n","protected":false},"author":2,"featured_media":4399,"comment_status":"closed","ping_status":"closed","sticky":false,"template":"","format":"standard","meta":{"footnotes":""},"categories":[52,727,727,91],"tags":[],"_links":{"self":[{"href":"https:\/\/www.formenteravuela.com\/magazine\/es\/wp-json\/wp\/v2\/posts\/4409"}],"collection":[{"href":"https:\/\/www.formenteravuela.com\/magazine\/es\/wp-json\/wp\/v2\/posts"}],"about":[{"href":"https:\/\/www.formenteravuela.com\/magazine\/es\/wp-json\/wp\/v2\/types\/post"}],"author":[{"embeddable":true,"href":"https:\/\/www.formenteravuela.com\/magazine\/es\/wp-json\/wp\/v2\/users\/2"}],"replies":[{"embeddable":true,"href":"https:\/\/www.formenteravuela.com\/magazine\/es\/wp-json\/wp\/v2\/comments?post=4409"}],"version-history":[{"count":2,"href":"https:\/\/www.formenteravuela.com\/magazine\/es\/wp-json\/wp\/v2\/posts\/4409\/revisions"}],"predecessor-version":[{"id":4412,"href":"https:\/\/www.formenteravuela.com\/magazine\/es\/wp-json\/wp\/v2\/posts\/4409\/revisions\/4412"}],"wp:featuredmedia":[{"embeddable":true,"href":"https:\/\/www.formenteravuela.com\/magazine\/es\/wp-json\/wp\/v2\/media\/4399"}],"wp:attachment":[{"href":"https:\/\/www.formenteravuela.com\/magazine\/es\/wp-json\/wp\/v2\/media?parent=4409"}],"wp:term":[{"taxonomy":"category","embeddable":true,"href":"https:\/\/www.formenteravuela.com\/magazine\/es\/wp-json\/wp\/v2\/categories?post=4409"},{"taxonomy":"post_tag","embeddable":true,"href":"https:\/\/www.formenteravuela.com\/magazine\/es\/wp-json\/wp\/v2\/tags?post=4409"}],"curies":[{"name":"wp","href":"https:\/\/api.w.org\/{rel}","templated":true}]}}