{"id":3510,"date":"2022-05-22T12:05:45","date_gmt":"2022-05-22T10:05:45","guid":{"rendered":"https:\/\/www.formenteravuela.com\/magazine\/?p=3510"},"modified":"2024-11-15T16:20:49","modified_gmt":"2024-11-15T15:20:49","slug":"formentera-zen-2022-y-dia-internacional-del-yoga","status":"publish","type":"post","link":"https:\/\/www.formenteravuela.com\/magazine\/es\/eventos-formentera\/formentera-zen-2022-y-dia-internacional-del-yoga\/","title":{"rendered":"Formentera zen 2022 y d\u00eda Internacional del Yoga"},"content":{"rendered":"\n<h2 class=\"wp-block-heading\">D\u00eda Internacional del Yoga en Formentera 2022<\/h2>\n\n\n\n<p>La pr\u00e1ctica hol\u00edstica del bienestar y la paz interior es s\u00f3lo uno de los muchos aspectos a los que la ONU quiere dar protagonismo el pr\u00f3ximo<strong> 21 de junio de 2022 al establecer el D\u00eda Internacional del Yoga. <\/strong>Esta armoniosa disciplina ayuda a reconectar de forma equilibrada y armoniosa con los ciclos de la naturaleza y a respetar el funcionamiento interno actuando sobre la mente y reflexivamente sobre el cuerpo de quienes la practican.<\/p>\n\n\n\n<figure class=\"wp-block-image size-full\"><img decoding=\"async\" loading=\"lazy\" width=\"1024\" height=\"716\" src=\"\/magazine\/public\/uploads\/2022\/05\/Acquisizione-a-schermo-intero-22052022-113613.jpg\" alt=\"\" class=\"wp-image-3504\" srcset=\"\/magazine\/public\/uploads\/2022\/05\/Acquisizione-a-schermo-intero-22052022-113613.jpg 1024w, \/magazine\/public\/uploads\/2022\/05\/Acquisizione-a-schermo-intero-22052022-113613-300x210.jpg 300w, \/magazine\/public\/uploads\/2022\/05\/Acquisizione-a-schermo-intero-22052022-113613-768x537.jpg 768w, \/magazine\/public\/uploads\/2022\/05\/Acquisizione-a-schermo-intero-22052022-113613-990x692.jpg 990w\" sizes=\"(max-width: 1024px) 100vw, 1024px\" \/><figcaption>Credit @formenterazen<\/figcaption><\/figure>\n\n\n\n<p>Para celebrar este d\u00eda tan especial, el Consell insular de Formentera puso en marcha una masterclass en el puerto de la Savina, con la colaboraci\u00f3n de una profesional reconocida internacionalmente, <strong>modelo e instructora de yoga, Ver\u00f3nica Blume.<\/strong><\/p>\n\n\n\n<p>Ver\u00f3nica, tras ganar Supermodelo del Mundo en 1993, estableci\u00f3 Nueva York como base desde la que iniciar su camino y sus estudios de meditaci\u00f3n, reiki, Flores de Bach, kinesiolog\u00eda, macrobi\u00f3tica, etc., convirti\u00e9ndose as\u00ed en una defensora de la vida sana y la paz interior, y publicando el libro <strong>Ser. El camino de vuelta a ti.<\/strong><\/p>\n\n\n\n<p>El evento tendr\u00e1 una tem\u00e1tica sostenible y solidaria, ya que los fondos se destinar\u00e1n a la conservaci\u00f3n de la posidonia mar\u00edtima de la isla, una pradera de 76.500 hect\u00e1reas que ayuda a oxigenar la vida marina de Formentera. La cuota de inscripci\u00f3n es <strong>de 25 euros para el evento<\/strong>, que se celebrar\u00e1 el<strong> 21\/06 en la Savina.<\/strong><\/p>\n\n\n\n<p>Para m\u00e1s informaci\u00f3n, le remitimos a la <a href=\"https:\/\/formenterazen.es\/dia-internacional-del-yoga\/\" target=\"_blank\" rel=\"noreferrer noopener\" title=\"https:\/\/formenterazen.es\/dia-internacional-del-yoga\/\">p\u00e1gina oficia<\/a>l mientras que desde esta p\u00e1gina puede acceder a la <a href=\"https:\/\/esdeveniments.formentera.es\/es\/agenda\/dia-internacional-del-yoga\/\" target=\"_blank\" rel=\"noreferrer noopener\" title=\"https:\/\/esdeveniments.formentera.es\/es\/agenda\/dia-internacional-del-yoga\/\">inscripci\u00f3n para el evento<\/a><\/p>\n\n\n\n<figure class=\"wp-block-embed is-type-video is-provider-vimeo wp-block-embed-vimeo wp-embed-aspect-16-9 wp-has-aspect-ratio\"><div class=\"wp-block-embed__wrapper\">\n<iframe loading=\"lazy\" title=\"Formentera Zen 2020\" src=\"https:\/\/player.vimeo.com\/video\/542594039?h=ce7311ed00&amp;dnt=1&amp;app_id=122963\" width=\"1320\" height=\"743\" frameborder=\"0\" allow=\"autoplay; fullscreen; picture-in-picture\" allowfullscreen><\/iframe>\n<\/div><\/figure>\n\n\n\n<h2 class=\"wp-block-heading\">Formentera zen 2022<\/h2>\n\n\n\n<p>Si no podr\u00e1s asistir a este evento del pr\u00f3ximo mes de junio, probablemente podr\u00e1s organizarte para los pr\u00f3ximos <strong>14, 15 y 16 de octubre de 2022<\/strong> para estar presente en el habitual evento Formentera Zen, un taller de diferentes disciplinas como meditaci\u00f3n, yoga, ejercicios f\u00edsicos, neurociencia, dermatolog\u00eda y sexolog\u00eda, un profundo viaje de bienestar, salud para compartir experiencias personales y mejorar su mismo y su entorno.<\/p>\n\n\n\n<p>En el momento de redactar este art\u00edculo, el programa a\u00fan est\u00e1 en fase de confirmaci\u00f3n, pero puede mantenerse informado siguiendo la<a href=\"https:\/\/formenterazen.es\/inscripcion-2022\/\" target=\"_blank\" rel=\"noreferrer noopener\" title=\"https:\/\/formenterazen.es\/inscripcion-2022\/\"> p\u00e1gina oficial.<\/a><br>El coste de la inscripci\u00f3n es de <strong>180 euros para los 3 d\u00edas de actividades<\/strong>, y el recorrido dise\u00f1ado por los organizadores, en el que los ponentes te llevar\u00e1n a descubrir todas las disciplinas que ayudan al cuerpo y a la mente a encontrar un equilibrio perfecto.<br>Si tienes la suerte de estar en Formentera, te remitimos a la<a href=\"https:\/\/esdeveniments.formentera.es\/es\/agenda\/formentera-zen\/\" target=\"_blank\" rel=\"noreferrer noopener\" title=\"https:\/\/esdeveniments.formentera.es\/es\/agenda\/formentera-zen\/\"> p\u00e1gina de inscripci\u00f3n <\/a>del evento para que participes en 3 d\u00edas inolvidables en <strong>el \u00faltimo para\u00edso del Mediterr\u00e1neo.<\/strong><\/p>\n\n\n\n<figure class=\"wp-block-image size-full\"><img decoding=\"async\" loading=\"lazy\" width=\"1024\" height=\"596\" src=\"\/magazine\/public\/uploads\/2022\/05\/Acquisizione-a-schermo-intero-22052022-113709.jpg\" alt=\"\" class=\"wp-image-3505\" srcset=\"\/magazine\/public\/uploads\/2022\/05\/Acquisizione-a-schermo-intero-22052022-113709.jpg 1024w, \/magazine\/public\/uploads\/2022\/05\/Acquisizione-a-schermo-intero-22052022-113709-300x175.jpg 300w, \/magazine\/public\/uploads\/2022\/05\/Acquisizione-a-schermo-intero-22052022-113709-768x447.jpg 768w, \/magazine\/public\/uploads\/2022\/05\/Acquisizione-a-schermo-intero-22052022-113709-990x576.jpg 990w\" sizes=\"(max-width: 1024px) 100vw, 1024px\" \/><figcaption>Credit @formenterazen<\/figcaption><\/figure>\n\n\n\n<figure class=\"wp-block-image size-full is-resized\"><img decoding=\"async\" loading=\"lazy\" src=\"\/magazine\/public\/uploads\/2022\/05\/Acquisizione-a-schermo-intero-22052022-113540.jpg\" alt=\"\" class=\"wp-image-3503\" width=\"842\" height=\"542\" srcset=\"\/magazine\/public\/uploads\/2022\/05\/Acquisizione-a-schermo-intero-22052022-113540.jpg 1024w, \/magazine\/public\/uploads\/2022\/05\/Acquisizione-a-schermo-intero-22052022-113540-300x193.jpg 300w, \/magazine\/public\/uploads\/2022\/05\/Acquisizione-a-schermo-intero-22052022-113540-768x495.jpg 768w, \/magazine\/public\/uploads\/2022\/05\/Acquisizione-a-schermo-intero-22052022-113540-990x638.jpg 990w\" sizes=\"(max-width: 842px) 100vw, 842px\" \/><figcaption> Credit @formenterazen <\/figcaption><\/figure>\n","protected":false},"excerpt":{"rendered":"<p>D\u00eda Internacional del Yoga en Formentera 2022 La pr\u00e1ctica hol\u00edstica del bienestar y la paz interior es s\u00f3lo uno de los muchos aspectos a los que la ONU quiere dar protagonismo el pr\u00f3ximo 21 de junio de 2022 al establecer el D\u00eda Internacional del Yoga. Esta armoniosa disciplina ayuda a reconectar de forma equilibrada y [&hellip;]<\/p>\n","protected":false},"author":2,"featured_media":3501,"comment_status":"closed","ping_status":"closed","sticky":false,"template":"","format":"standard","meta":{"footnotes":""},"categories":[727,727],"tags":[],"_links":{"self":[{"href":"https:\/\/www.formenteravuela.com\/magazine\/es\/wp-json\/wp\/v2\/posts\/3510"}],"collection":[{"href":"https:\/\/www.formenteravuela.com\/magazine\/es\/wp-json\/wp\/v2\/posts"}],"about":[{"href":"https:\/\/www.formenteravuela.com\/magazine\/es\/wp-json\/wp\/v2\/types\/post"}],"author":[{"embeddable":true,"href":"https:\/\/www.formenteravuela.com\/magazine\/es\/wp-json\/wp\/v2\/users\/2"}],"replies":[{"embeddable":true,"href":"https:\/\/www.formenteravuela.com\/magazine\/es\/wp-json\/wp\/v2\/comments?post=3510"}],"version-history":[{"count":1,"href":"https:\/\/www.formenteravuela.com\/magazine\/es\/wp-json\/wp\/v2\/posts\/3510\/revisions"}],"predecessor-version":[{"id":3512,"href":"https:\/\/www.formenteravuela.com\/magazine\/es\/wp-json\/wp\/v2\/posts\/3510\/revisions\/3512"}],"wp:featuredmedia":[{"embeddable":true,"href":"https:\/\/www.formenteravuela.com\/magazine\/es\/wp-json\/wp\/v2\/media\/3501"}],"wp:attachment":[{"href":"https:\/\/www.formenteravuela.com\/magazine\/es\/wp-json\/wp\/v2\/media?parent=3510"}],"wp:term":[{"taxonomy":"category","embeddable":true,"href":"https:\/\/www.formenteravuela.com\/magazine\/es\/wp-json\/wp\/v2\/categories?post=3510"},{"taxonomy":"post_tag","embeddable":true,"href":"https:\/\/www.formenteravuela.com\/magazine\/es\/wp-json\/wp\/v2\/tags?post=3510"}],"curies":[{"name":"wp","href":"https:\/\/api.w.org\/{rel}","templated":true}]}}