{"id":3394,"date":"2022-03-08T09:12:04","date_gmt":"2022-03-08T08:12:04","guid":{"rendered":"https:\/\/www.formenteravuela.com\/magazine\/?p=3394"},"modified":"2024-11-15T16:14:59","modified_gmt":"2024-11-15T15:14:59","slug":"formentera-verano-2022-donde-encontrar-las-mejores-ofertas-para-tus-proximas-vacaciones","status":"publish","type":"post","link":"https:\/\/www.formenteravuela.com\/magazine\/es\/eventos-formentera\/formentera-verano-2022-donde-encontrar-las-mejores-ofertas-para-tus-proximas-vacaciones\/","title":{"rendered":"Formentera verano 2022: d\u00f3nde encontrar las mejores ofertas para tus pr\u00f3ximas vacaciones"},"content":{"rendered":"\n<p>La isla habitada m\u00e1s peque\u00f1a de las Baleares es probablemente uno de los destinos vacacionales m\u00e1s populares de Europa. Por eso, puede resultar complicado <strong>organizar unas vacaciones para el verano de 2022<\/strong>.<\/p>\n\n\n\n<p>Debido al peque\u00f1o tama\u00f1o de la isla, la disponibilidad de alojamiento es limitada. Por eso que hay que moverse con tiempo para <strong>conseguir las mejores ofertas<\/strong>. Afortunadamente, la oferta de alojamiento tur\u00edstico en la isla es muy variada y hay opciones que se adaptan a todas las necesidades. <strong>Apartamentos con piscina<\/strong> y peque\u00f1os hostales en el centro de Es Pujols. Tambi\u00e9n hay complejos tur\u00edsticos con acceso directo a la playa de <em>Migjorn<\/em> o casas independientes cerca del mar.<\/p>\n\n\n\n<p>Puedes acceder a <strong>nuestro cat\u00e1logo de alojamientos<\/strong> directamente desde el enlace de la foto aqu\u00ed abajo:<\/p>\n\n\n\n<figure class=\"wp-block-image size-full\"><a href=\"https:\/\/www.formenteravuela.com\/es\/apartamentos\"><img decoding=\"async\" loading=\"lazy\" width=\"1000\" height=\"354\" src=\"\/magazine\/public\/uploads\/2020\/05\/ES-Cerchi-appartamento.jpg\" alt=\"\" class=\"wp-image-2872\" srcset=\"\/magazine\/public\/uploads\/2020\/05\/ES-Cerchi-appartamento.jpg 1000w, \/magazine\/public\/uploads\/2020\/05\/ES-Cerchi-appartamento-300x106.jpg 300w, \/magazine\/public\/uploads\/2020\/05\/ES-Cerchi-appartamento-768x272.jpg 768w, \/magazine\/public\/uploads\/2020\/05\/ES-Cerchi-appartamento-990x350.jpg 990w\" sizes=\"(max-width: 1000px) 100vw, 1000px\" \/><\/a><\/figure>\n\n\n\n<h2 class=\"wp-block-heading\">D\u00f3nde dormir en Formentera, c\u00f3mo elegir la mejor ubicaci\u00f3n para una estancia inolvidable<\/h2>\n\n\n\n<p>La isla es peque\u00f1a y es f\u00e1cil visitarla incluso con una peque\u00f1a moto de alquiler. A\u00fan as\u00ed, suelen surgir dudas a la hora de elegir <strong>d\u00f3nde reservar el alojamiento<\/strong>.<\/p>\n\n\n\n<p>B\u00e1sicamente, la isla puedes dividirse en 4 zonas:<\/p>\n\n\n\n<ul><li><strong>Es Pujols<\/strong>: el principal centro tur\u00edstico, con una gran variedad de apartamentos y hoteles. Abundan aqu\u00ed peque\u00f1os establecimientos econ\u00f3micos, as\u00edu como modernos complejos de lujo. Quienes elijan alojarse en un <a href=\"https:\/\/www.formenteravuela.com\/es\/apartamentos\/es-pujols\">apartamento Es Pujols Formentera<\/a> tendr\u00e1n la comodidad de tener todos los servicios cerca.<\/li><li><strong>Alrededores de Es Pujols<\/strong>: Son los pueblos que se encuentran en un radio de unos 5 km del centro de Es Pujols. <em>Sant Ferran<\/em> y <em>Sant Francesc<\/em> son buenas opciones para pasar unas vacaciones c\u00f3modas. Al mismo tiempo elegir un <a href=\"https:\/\/www.formenteravuela.com\/es\/cerca-de-es-pujols\/apartamentos-la-savina\">apartamento La Savina Formentera<\/a> es ideal para los amantes de la <em>playa de Illetas<\/em>.<\/li><li><strong>Playa Migjorn y Es Cal\u00f3<\/strong>: soluciones adecuadas para quienes buscan unas vacaciones tranquilas, cerca de las hermosas playas de estas zonas. Hay <a href=\"https:\/\/www.formenteravuela.com\/es\/apartamentos\/migjorn\">apartamentos Migjorn Formentera<\/a> a precios razonables as\u00ed como instalaciones de alto nivel con servicios exclusivos.<\/li><li><strong>Resto de la isla<\/strong>: b\u00e1sicamente las zonas de <em>Cala Saona<\/em> y <em>El Pilar de la Mola<\/em>. La primera es un para\u00edso natural con una hermosa playa de arena. La segunda es un pueblo m\u00e1s rural apto para quienes quieran alejarse de las masas tur\u00edsticas.<\/li><\/ul>\n\n\n\n<figure class=\"wp-block-image size-large\"><img decoding=\"async\" loading=\"lazy\" width=\"1024\" height=\"393\" src=\"\/magazine\/public\/uploads\/2020\/10\/clima-4-1024x393.jpg\" alt=\"\" class=\"wp-image-2953\" srcset=\"\/magazine\/public\/uploads\/2020\/10\/clima-4-1024x393.jpg 1024w, \/magazine\/public\/uploads\/2020\/10\/clima-4-300x115.jpg 300w, \/magazine\/public\/uploads\/2020\/10\/clima-4-768x294.jpg 768w, \/magazine\/public\/uploads\/2020\/10\/clima-4-990x380.jpg 990w, \/magazine\/public\/uploads\/2020\/10\/clima-4-1320x506.jpg 1320w, \/magazine\/public\/uploads\/2020\/10\/clima-4.jpg 1500w\" sizes=\"(max-width: 1024px) 100vw, 1024px\" \/><\/figure>\n\n\n\n<h2 class=\"wp-block-heading\">Ofertas Formentera verano 2022: c\u00f3mo ahorrar dinero al reservar tu alojamiento<\/h2>\n\n\n\n<p>Como hemos dicho antes, la disponibilidad en la isla no es muy grande, y es absolutamente cierto que \u00ab<em>el primero que llega es el primero que se sirve<\/em>\u00ab.<br>Nuestra sugerencia para <strong>aprovechar los precios reducidos<\/strong>, adem\u00e1s de tener muchas m\u00e1s opciones, es reservar con mucha antelaci\u00f3n. De hecho, es una pr\u00e1ctica habitual que los hoteleros locales ofrezcan tarifas de \u00ab<em>reserva anticipada<\/em>\u00ab. Ofrecen <strong>descuentos de hasta el -20%<\/strong> respecto a las tarifas normales, pero suelen caducar entre enero y febrero.<\/p>\n\n\n\n<p>La otra manera ser\u00eda esperar sin fecha para intentar encontrar una oferta de \u00faltima hora, pero en nuestra opini\u00f3n no es una opci\u00f3n viable. Especialmente para los que tienen <strong>vacaciones en julio y agosto<\/strong>, es muy dif\u00edcil encontrar ofertas de \u00faltima hora en Formentera. El riesgo tener los vuelos ya comprados a buen precio, pero sin encontrar <strong>alojamientos que se ajusten a tu presupuesto<\/strong>.<br>Al ser la oferta ser\u00e1 limitada, es posible que tengas que conformarte con una zona que no se adapta a tus necesidades.<\/p>\n\n\n\n<h3 class=\"wp-block-heading\">\u00bfTraer un coche a Formentera para el verano de 2022 o alquilar una moto?<\/h3>\n\n\n\n<p>Otro tema que hay que gestionar para no gastar demasiado est\u00e1 relacionado con el veh\u00edculo, que es necesario en nuestra opini\u00f3n para visitar la isla.<br>Aunque para el verano de 2022 habr\u00e1 muchos <strong>autobuses tur\u00edsticos<\/strong> que permitir\u00e1n desplazarse c\u00f3modamente entre las distintas playas, nuestra sugerencia es <a href=\"http:\/\/magazine.formenteravuela.com\/es\/consejos-utiles\/meglio-affittare-auto-o-moto-a-formentera\/\">alquilar un veh\u00edculo<\/a>.<br>De nuevo, es mejor <strong>reservar con antelaci\u00f3n<\/strong>, o al menos antes de llegar a la isla. Las tarifas online tienen descuento del 15% respecto a los precios locales, tanto para  coches como para motos.<\/p>\n\n\n\n<p>Otra opci\u00f3n, sobre todo para los turistas nacionales, es trasladar su coche desde la pen\u00ednsula. Esta es realmente una soluci\u00f3n conveniente, especialmente para aquellos que tienen la posibilidad de salir desde Denia. Al respeto hayque saber una cosa muy importante.<br>En julio y agosto de 2022, s\u00f3lo se permitir\u00e1 la entrada de 20.000 coches a Formentera. Adem\u00e1s es necesaria una <strong>previa autorizaci\u00f3n<\/strong> que se solicitar\u00e1 online en la web <a href=\"https:\/\/formentera.eco\">Formentera.eco<\/a>.<\/p>\n\n\n\n<p>Adem\u00e1s de lo dicho hasta ahora, algunos clientes nos preguntan si es posible llevar un <strong>coche alquilado<\/strong> en Ibiza. Esta ser\u00eda una interesante opci\u00f3n de ahorro, ya que las tarifas all\u00ed son mucho m\u00e1s baratas.<br>Sin embargo, no es posible hacerlo, no s\u00f3lo porque de todas formas se requiere autorizaci\u00f3n en temporada alta, sino principalmente porque las empresas de alquiler de Ibiza no lo permiten. Los problemas est\u00e1n relacionados principalmente con la <strong>cobertura del seguro<\/strong> y la asistencia en carretera, que no se proporcionan en caso de cambio de isla.<\/p>\n","protected":false},"excerpt":{"rendered":"<p>La isla habitada m\u00e1s peque\u00f1a de las Baleares es probablemente uno de los destinos vacacionales m\u00e1s populares de Europa. Por eso, puede resultar complicado organizar unas vacaciones para el verano de 2022. Debido al peque\u00f1o tama\u00f1o de la isla, la disponibilidad de alojamiento es limitada. Por eso que hay que moverse con tiempo para conseguir [&hellip;]<\/p>\n","protected":false},"author":2,"featured_media":3151,"comment_status":"closed","ping_status":"closed","sticky":false,"template":"","format":"standard","meta":{"footnotes":""},"categories":[727,727],"tags":[],"_links":{"self":[{"href":"https:\/\/www.formenteravuela.com\/magazine\/es\/wp-json\/wp\/v2\/posts\/3394"}],"collection":[{"href":"https:\/\/www.formenteravuela.com\/magazine\/es\/wp-json\/wp\/v2\/posts"}],"about":[{"href":"https:\/\/www.formenteravuela.com\/magazine\/es\/wp-json\/wp\/v2\/types\/post"}],"author":[{"embeddable":true,"href":"https:\/\/www.formenteravuela.com\/magazine\/es\/wp-json\/wp\/v2\/users\/2"}],"replies":[{"embeddable":true,"href":"https:\/\/www.formenteravuela.com\/magazine\/es\/wp-json\/wp\/v2\/comments?post=3394"}],"version-history":[{"count":2,"href":"https:\/\/www.formenteravuela.com\/magazine\/es\/wp-json\/wp\/v2\/posts\/3394\/revisions"}],"predecessor-version":[{"id":3397,"href":"https:\/\/www.formenteravuela.com\/magazine\/es\/wp-json\/wp\/v2\/posts\/3394\/revisions\/3397"}],"wp:featuredmedia":[{"embeddable":true,"href":"https:\/\/www.formenteravuela.com\/magazine\/es\/wp-json\/wp\/v2\/media\/3151"}],"wp:attachment":[{"href":"https:\/\/www.formenteravuela.com\/magazine\/es\/wp-json\/wp\/v2\/media?parent=3394"}],"wp:term":[{"taxonomy":"category","embeddable":true,"href":"https:\/\/www.formenteravuela.com\/magazine\/es\/wp-json\/wp\/v2\/categories?post=3394"},{"taxonomy":"post_tag","embeddable":true,"href":"https:\/\/www.formenteravuela.com\/magazine\/es\/wp-json\/wp\/v2\/tags?post=3394"}],"curies":[{"name":"wp","href":"https:\/\/api.w.org\/{rel}","templated":true}]}}