{"id":3198,"date":"2021-10-14T12:41:30","date_gmt":"2021-10-14T10:41:30","guid":{"rendered":"http:\/\/magazine.formenteravuela.com\/?p=3198"},"modified":"2024-11-15T16:18:36","modified_gmt":"2024-11-15T15:18:36","slug":"la-btt-vi-vuelta-cicloturistica-de-formentera-en-2021","status":"publish","type":"post","link":"https:\/\/www.formenteravuela.com\/magazine\/es\/eventos-formentera\/la-btt-vi-vuelta-cicloturistica-de-formentera-en-2021\/","title":{"rendered":"La BTT VI Vuelta Ciclotur\u00edstica de Formentera en 2021"},"content":{"rendered":"\n<p>Para todos los que aman hacer deporte rodeados de la belleza natural de los paisajes mediterr\u00e1neos de la isla, <strong>el fin de semana del 22 al 24 de octubre ser\u00e1 una cita ineludible<\/strong>: la BTT &nbsp;VI Vuelta Ciclotur\u00edstica Formentera.<\/p>\n\n\n\n<h2 class=\"wp-block-heading\">Bicis todos terrenos en Formentera, una oportunidad \u00fanica para conocer la isla.<\/h2>\n\n\n\n<p>La idea de los organizadores, el <em>Area d&#8217;Esport del Consell de Formentera<\/em> en colaboraci\u00f3n con los grupos deportivos <em>Espalmador y Unisport Consulting<\/em>, es crear un evento para todos los amantes del ciclismo, concretamente de la bicicleta de monta\u00f1a, independientemente de su nivel de competitividad.<br>Es un evento de tres d\u00edas que divide la isla en otras tantas zonas: San Francisco, Pilar de la Mola y La Savina. <strong>Las tres etapas tienen tramos cronometrados y otros no competitivos<\/strong>, para que todo el mundo pueda participar tanto para demonstrar su competitividad como solo sea para hacer deporte en libertad.<br>El verdadero atractivo y reclamo para los deportistas es <strong>la extraordinaria belleza de los paisajes por los que serpentean las rutas seleccionadas por los organizadores<\/strong>: bosques de pinos, playas y acantilados con vistas al mar son, de hecho, el tel\u00f3n de fondo de esta prueba ciclista.<\/p>\n\n\n\n<figure class=\"wp-block-image size-large\"><img decoding=\"async\" loading=\"lazy\" width=\"900\" height=\"300\" src=\"\/public\/uploads\/2021\/10\/19-10-27_bttformentera.jpg\" alt=\"\" class=\"wp-image-3194\" srcset=\"\/magazine\/public\/uploads\/2021\/10\/19-10-27_bttformentera.jpg 900w, \/magazine\/public\/uploads\/2021\/10\/19-10-27_bttformentera-300x100.jpg 300w, \/magazine\/public\/uploads\/2021\/10\/19-10-27_bttformentera-768x256.jpg 768w\" sizes=\"(max-width: 900px) 100vw, 900px\" \/><\/figure>\n\n\n\n<h3 class=\"wp-block-heading\">La XXVII BTT LA MOLA, la versi\u00f3n m\u00e1s profesional y competitiva<\/h3>\n\n\n\n<p>Para los ciclistas m\u00e1s experimentados y competitivos, <strong>el 24 de octubre se celebrar\u00e1 la XXVII edici\u00f3n de la BTT LA MOLA<\/strong>, que forma parte del Campeonato Pitiuso de BTT, que se desarrolla entre las islas de Ibiza y Formentera.<br>El recorrido de esta competici\u00f3n profesional se cruzar\u00e1 con el de los amateurs, y tendr\u00e1 su salida y llegada en el pueblo de Pilar de la Mola, situado en el punto m\u00e1s alto de la isla y protegido por espectaculares acantilados con vistas al mar.<\/p>\n\n\n\n<p><strong>Para inscribirse y obtener m\u00e1s informaci\u00f3n<\/strong> puede acceder a la p\u00e1gina web de Unisport Consulting a trav\u00e9s del siguiente enlace: https:\/\/unisportconsulting.com\/formenterabttrace\/ <\/p>\n","protected":false},"excerpt":{"rendered":"<p>Para todos los que aman hacer deporte rodeados de la belleza natural de los paisajes mediterr\u00e1neos de la isla, el fin de semana del 22 al 24 de octubre ser\u00e1 una cita ineludible: la BTT &nbsp;VI Vuelta Ciclotur\u00edstica Formentera. Bicis todos terrenos en Formentera, una oportunidad \u00fanica para conocer la isla. La idea de los [&hellip;]<\/p>\n","protected":false},"author":2,"featured_media":3195,"comment_status":"closed","ping_status":"closed","sticky":false,"template":"","format":"standard","meta":{"footnotes":""},"categories":[727,727],"tags":[741,719,742,716,743,722,711,731,720,744,721,745,746,723,605,606,649,85,449,449],"_links":{"self":[{"href":"https:\/\/www.formenteravuela.com\/magazine\/es\/wp-json\/wp\/v2\/posts\/3198"}],"collection":[{"href":"https:\/\/www.formenteravuela.com\/magazine\/es\/wp-json\/wp\/v2\/posts"}],"about":[{"href":"https:\/\/www.formenteravuela.com\/magazine\/es\/wp-json\/wp\/v2\/types\/post"}],"author":[{"embeddable":true,"href":"https:\/\/www.formenteravuela.com\/magazine\/es\/wp-json\/wp\/v2\/users\/2"}],"replies":[{"embeddable":true,"href":"https:\/\/www.formenteravuela.com\/magazine\/es\/wp-json\/wp\/v2\/comments?post=3198"}],"version-history":[{"count":2,"href":"https:\/\/www.formenteravuela.com\/magazine\/es\/wp-json\/wp\/v2\/posts\/3198\/revisions"}],"predecessor-version":[{"id":3201,"href":"https:\/\/www.formenteravuela.com\/magazine\/es\/wp-json\/wp\/v2\/posts\/3198\/revisions\/3201"}],"wp:featuredmedia":[{"embeddable":true,"href":"https:\/\/www.formenteravuela.com\/magazine\/es\/wp-json\/wp\/v2\/media\/3195"}],"wp:attachment":[{"href":"https:\/\/www.formenteravuela.com\/magazine\/es\/wp-json\/wp\/v2\/media?parent=3198"}],"wp:term":[{"taxonomy":"category","embeddable":true,"href":"https:\/\/www.formenteravuela.com\/magazine\/es\/wp-json\/wp\/v2\/categories?post=3198"},{"taxonomy":"post_tag","embeddable":true,"href":"https:\/\/www.formenteravuela.com\/magazine\/es\/wp-json\/wp\/v2\/tags?post=3198"}],"curies":[{"name":"wp","href":"https:\/\/api.w.org\/{rel}","templated":true}]}}