{"id":3042,"date":"2021-03-08T19:22:07","date_gmt":"2021-03-08T18:22:07","guid":{"rendered":"http:\/\/magazine.formenteravuela.com\/consejos-utiles\/formentera-a-giugno-2021-offerte-clima-e-opinioni\/"},"modified":"2024-11-15T16:18:43","modified_gmt":"2024-11-15T15:18:43","slug":"formentera-en-junio-2021-ofertas-clima-opiniones","status":"publish","type":"post","link":"https:\/\/www.formenteravuela.com\/magazine\/es\/consejos-utiles\/formentera-en-junio-2021-ofertas-clima-opiniones\/","title":{"rendered":"Viajar a Formentera en junio de 2021: ofertas, clima y opiniones"},"content":{"rendered":"\n<p>Comienza la primavera, llega el buen tiempo y como siempre crece en nosotros el <strong>deseo de mar, playa y vacaciones<\/strong>. Aunque este a\u00f1o todo sea diferente, seguimos convencidos de que Formentera en junio ser\u00e1 una gran opci\u00f3n para empezar la temporada de verano.<br>Sin embargo, m\u00e1s all\u00e1 de la cuesti\u00f3n Covid, siempre hay algunas dudas, especialmente sobre el clima y la temperatura del mar, pero tratamos en este art\u00edculo de dar toda la informaci\u00f3n necesaria.<\/p>\n\n\n\n<h2 class=\"wp-block-heading\"><strong><strong>Vacaciones durante la pandemia, que habr\u00e1 que hacer para venir a Formentera en junio de 2021<\/strong><\/strong><\/h2>\n\n\n\n<p>Todav\u00eda no se ha establecido con exactitud cu\u00e1l ser\u00e1 el protocolo espec\u00edfico para entrar en la isla con fines tur\u00edsticos, pero ya desde hace tiempo Espa\u00f1a exige una prueba de negatividad al Covid a todos los extranjeros que llegan, tanto en barco como en avi\u00f3n. Tambi\u00e9n hay algunos aeropuertos que est\u00e1n equipados para hacer pruebas de ant\u00edgenos a la llegada a aquellos que no pudieron hacerlo en 48 horas antes de la salida.<br>Obviamente, <strong>el uso de la mascarilla ser\u00e1 obligatorio en entornos cerrados<\/strong> y probablemente tambi\u00e9n al aire libre si no hay posibilidad de mantener la distancia de seguridad, pero en la playa, al d\u00eda de hoy, no es necesario utilizarla. Queda, hasta la fecha, la inc\u00f3gnita de la vacuna, ya que a\u00fan no se ha especificado si quienes ya han recibido las dosis correspondientes podr\u00e1n viajar libremente dentro del territorio nacional o si tendr\u00e1n que seguir presentando un resultado negativo de PCR o prueba de ant\u00edgenos.<\/p>\n\n\n\n<h3 class=\"wp-block-heading\"><strong><strong>Las ofertas para viajar a Formentera para junio de 2021 y las tarifas con cancelaci\u00f3n gratuita<\/strong><\/strong><\/h3>\n\n\n\n<p>La otra cara de la moneda es mucho m\u00e1s positiva para los turistas, ya que todav\u00eda hay cierta incertidumbre sobre la normativa anti-covid y los precios son mucho m\u00e1s bajos que en a\u00f1os anteriores.<br>De hecho, hay muchas <strong>ofertas online con descuentos de hasta el 30%<\/strong> si se opta, por ejemplo, por unas vacaciones de al menos una semana y se reserva con antelaci\u00f3n.<\/p>\n\n\n\n<p>Tambi\u00e9n hay que tener en cuenta qu\u00e9 al haber mucha m\u00e1s disponibilidad de casas y apartamentos vacacionales, se puede elegir entre diferentes opciones dentro de la horquilla de precios establecida como presupuesto m\u00e1ximo, pudiendo finalmente hacer realidad el sue\u00f1o de pasar unas vacaciones en Formentera en un <a href=\"https:\/\/www.formenteravuela.com\/es\/apartamentos\/en-la-playa\">apartamento con vistas y en primera l\u00ednea de playa<\/a>.<br>A partir de este a\u00f1o, por razones obvias, tambi\u00e9n han aumentado las <strong>tarifas con cancelaci\u00f3n gratuita<\/strong>, normalmente hasta un mes antes de la salida prevista. Evidentemente, hay que informarse bien de las condiciones de reserva, ya que pueden variar en funci\u00f3n de las decisiones de los gobiernos europeos de cara al verano.<\/p>\n\n\n\n<div class=\"wp-block-image\"><figure class=\"aligncenter size-large\"><a href=\"www.formenteravuela.com\/es\"><img decoding=\"async\" loading=\"lazy\" width=\"1000\" height=\"354\" src=\"\/public\/uploads\/2020\/04\/Es-Vacanze.jpg\" alt=\"\" class=\"wp-image-2762\" srcset=\"\/magazine\/public\/uploads\/2020\/04\/Es-Vacanze.jpg 1000w, \/magazine\/public\/uploads\/2020\/04\/Es-Vacanze-300x106.jpg 300w, \/magazine\/public\/uploads\/2020\/04\/Es-Vacanze-768x272.jpg 768w, \/magazine\/public\/uploads\/2020\/04\/Es-Vacanze-990x350.jpg 990w\" sizes=\"(max-width: 1000px) 100vw, 1000px\" \/><\/a><\/figure><\/div>\n\n\n\n<h4 class=\"wp-block-heading\"><strong><strong>El clima en Formentera en junio: \u00bfser\u00e1 primavera o ser\u00e1 verano?<\/strong><\/strong><\/h4>\n\n\n\n<p>Entre <strong>las opiniones que se pueden leer en Internet<\/strong> sobre las vacaciones en la isla en esta \u00e9poca, muchos preguntan por el clima, la temperatura del mar y el tiempo en Formentera en junio.<br>Evidentemente, hay bastante diferencia entre el principio del mes, cuando el verano a\u00fan no ha empezado, pero las temperaturas ya son altas y los d\u00edas son largos y soleados. La temperatura del mar ronda los 20\u00ba, con una evidente tendencia a subir con el paso de las semanas. Para m\u00e1s informaci\u00f3n sobre el clima, tambi\u00e9n puede leer nuestro art\u00edculo sobre <a href=\"http:\/\/magazine.formenteravuela.com\/es\/naturaleza\/cuando-ir-a-formentera-clima-estaciones-y-temperatura-del-mar\/\">cu\u00e1ndo ir a Formentera<\/a>.<br>Sin embargo, es en general un muy buen momento para visitar la isla, con buen tiempo en general, hermosas puestas de sol y especialmente en junio de 2021 no habr\u00e1 todav\u00eda las cl\u00e1sicas multitudes de la temporada alta, tanto en la playa como en el centro tur\u00edstico de Es Pujols, donde se pueden alquilar casas y apartamentos tur\u00edsticos en oferta.<\/p>\n\n\n\n<div class=\"wp-block-image\"><figure class=\"aligncenter size-large is-resized\"><img decoding=\"async\" loading=\"lazy\" src=\"\/public\/uploads\/2021\/03\/Giugno-2021-b-1024x684.jpg\" alt=\"\" class=\"wp-image-3038\" width=\"661\" height=\"441\" srcset=\"\/magazine\/public\/uploads\/2021\/03\/Giugno-2021-b-1024x684.jpg 1024w, \/magazine\/public\/uploads\/2021\/03\/Giugno-2021-b-300x200.jpg 300w, \/magazine\/public\/uploads\/2021\/03\/Giugno-2021-b-768x513.jpg 768w, \/magazine\/public\/uploads\/2021\/03\/Giugno-2021-b-1536x1025.jpg 1536w, \/magazine\/public\/uploads\/2021\/03\/Giugno-2021-b-414x276.jpg 414w, \/magazine\/public\/uploads\/2021\/03\/Giugno-2021-b-470x313.jpg 470w, \/magazine\/public\/uploads\/2021\/03\/Giugno-2021-b-640x426.jpg 640w, \/magazine\/public\/uploads\/2021\/03\/Giugno-2021-b-130x86.jpg 130w, \/magazine\/public\/uploads\/2021\/03\/Giugno-2021-b-187x124.jpg 187w, \/magazine\/public\/uploads\/2021\/03\/Giugno-2021-b-990x661.jpg 990w, \/magazine\/public\/uploads\/2021\/03\/Giugno-2021-b-1320x881.jpg 1320w, \/magazine\/public\/uploads\/2021\/03\/Giugno-2021-b.jpg 2048w\" sizes=\"(max-width: 661px) 100vw, 661px\" \/><\/figure><\/div>\n\n\n\n<h5 class=\"wp-block-heading\"><strong><strong>Vacaciones en junio de 2021: un fin de semana con amigos o una semana de playa con ni\u00f1os<\/strong><\/strong><\/h5>\n\n\n\n<p>En fin, nos parece una gran idea <strong>organizar unas vacaciones en Formentera para el pr\u00f3ximo mes de junio<\/strong>, ya sea una estancia de puro mar en pareja o en familia, o para un fin de semana largo, quiz\u00e1s con amigos. Por supuesto, ser\u00e1 dif\u00edcil dada la situaci\u00f3n actual con las restricciones sanitarias que abran las discotecas, pero seguro que encontrar\u00e1s la forma de aprovechar al m\u00e1ximo los largos d\u00edas de junio, qued\u00e1ndote <strong>en la playa hasta la puesta de sol<\/strong>, tomando un refrescante <em>mojito<\/em> en uno de los m\u00edticos chiringuitos de la playa de Migjorn&#8230; \u00a1un sue\u00f1o que pronto podr\u00eda hacerse realidad!<\/p>\n","protected":false},"excerpt":{"rendered":"<p>Comienza la primavera, llega el buen tiempo y como siempre crece en nosotros el deseo de mar, playa y vacaciones. Aunque este a\u00f1o todo sea diferente, seguimos convencidos de que Formentera en junio ser\u00e1 una gran opci\u00f3n para empezar la temporada de verano.Sin embargo, m\u00e1s all\u00e1 de la cuesti\u00f3n Covid, siempre hay algunas dudas, especialmente [&hellip;]<\/p>\n","protected":false},"author":2,"featured_media":3039,"comment_status":"closed","ping_status":"closed","sticky":false,"template":"","format":"standard","meta":{"footnotes":""},"categories":[52,52,727,727],"tags":[444,444,445,445,206,97,98,85,131],"_links":{"self":[{"href":"https:\/\/www.formenteravuela.com\/magazine\/es\/wp-json\/wp\/v2\/posts\/3042"}],"collection":[{"href":"https:\/\/www.formenteravuela.com\/magazine\/es\/wp-json\/wp\/v2\/posts"}],"about":[{"href":"https:\/\/www.formenteravuela.com\/magazine\/es\/wp-json\/wp\/v2\/types\/post"}],"author":[{"embeddable":true,"href":"https:\/\/www.formenteravuela.com\/magazine\/es\/wp-json\/wp\/v2\/users\/2"}],"replies":[{"embeddable":true,"href":"https:\/\/www.formenteravuela.com\/magazine\/es\/wp-json\/wp\/v2\/comments?post=3042"}],"version-history":[{"count":3,"href":"https:\/\/www.formenteravuela.com\/magazine\/es\/wp-json\/wp\/v2\/posts\/3042\/revisions"}],"predecessor-version":[{"id":3046,"href":"https:\/\/www.formenteravuela.com\/magazine\/es\/wp-json\/wp\/v2\/posts\/3042\/revisions\/3046"}],"wp:featuredmedia":[{"embeddable":true,"href":"https:\/\/www.formenteravuela.com\/magazine\/es\/wp-json\/wp\/v2\/media\/3039"}],"wp:attachment":[{"href":"https:\/\/www.formenteravuela.com\/magazine\/es\/wp-json\/wp\/v2\/media?parent=3042"}],"wp:term":[{"taxonomy":"category","embeddable":true,"href":"https:\/\/www.formenteravuela.com\/magazine\/es\/wp-json\/wp\/v2\/categories?post=3042"},{"taxonomy":"post_tag","embeddable":true,"href":"https:\/\/www.formenteravuela.com\/magazine\/es\/wp-json\/wp\/v2\/tags?post=3042"}],"curies":[{"name":"wp","href":"https:\/\/api.w.org\/{rel}","templated":true}]}}