{"id":3000,"date":"2021-01-06T18:12:04","date_gmt":"2021-01-06T17:12:04","guid":{"rendered":"http:\/\/magazine.formenteravuela.com\/?p=3000"},"modified":"2021-04-16T18:17:31","modified_gmt":"2021-04-16T16:17:31","slug":"tendremos-vacaciones-libres-de-covid-en-formentera-para-el-verano-de-2021","status":"publish","type":"post","link":"https:\/\/www.formenteravuela.com\/magazine\/es\/consejos-utiles\/tendremos-vacaciones-libres-de-covid-en-formentera-para-el-verano-de-2021\/","title":{"rendered":"\u00bfTendremos vacaciones libres de Covid en Formentera para el verano de 2021?"},"content":{"rendered":"\n<p>A pesar de todos los esfuerzos de las autoridades de los distintos pa\u00edses europeos, sigue siendo dif\u00edcil saber si el verano de 2021 estar\u00e1 finalmente libre de restricciones, pero hay algunos lugares que podr\u00edan ser m\u00e1s f\u00e1ciles de controlar en lo que refiere a los contagios importados. Entre ellos podr\u00eda estar nuestra amada isla de Formentera, tratemos de entender por qu\u00e9 y cu\u00e1les son las esperanzas de unas vacaciones Covid Free.<\/p>\n\n\n\n<h2 class=\"wp-block-heading\"><strong>Las islas se <strong>podr\u00edan<\/strong><\/strong> <strong>considerar destinos m\u00e1s seguros<\/strong><\/h2>\n\n\n\n<p>Si est\u00e1s decidiendo a d\u00f3nde ir para unas vacaciones libres de Covid en el verano de 2021, seguramente te encontrar\u00e1s eligiendo entre diferentes opciones, dentro o fuera de Espa\u00f1a, pero lo m\u00e1s probable es que entre los posibles destinos haya varias islas. La raz\u00f3n de esto es f\u00e1cil de entender: los controles a la llegada de los turistas, si se gestionan bien, pueden ser muy eficaces para evitar que aumente el n\u00famero de posibles contagios importados desde fuera.<br>De hecho, es m\u00e1s f\u00e1cil controlar la entrada de turistas directamente en los puertos y aeropuertos internacionales, que son precisamente los \u00fanicos puntos de acceso, lo cual es bien distinto si consideramos &nbsp;destinos a los que se puede viajar en coche, tanto si permanecen dentro de las fronteras nacionales como si atraviesan las fronteras europeas, que hoy en d\u00eda est\u00e1n todas abiertas y sin apenas controles.<\/p>\n\n\n\n<h2 class=\"wp-block-heading\"><strong>Reserva un hotel o un apartamento en Formentera para unas vacaciones seguras<\/strong><\/h2>\n\n\n\n<p>Ya el verano pasado los turistas prefirieron alojarse en apartamentos o apartahoteles porque daban una mayor sensaci\u00f3n de seguridad que los grandes hoteles, que de toda manera son muy pocos en Formentera.<br>Esto se debe a que normalmente los apartamentos dan la posibilidad de cocinar en casa, evitando as\u00ed las aglomeraciones de los restaurantes de los hoteles y reduciendo as\u00ed los contactos innecesarios con otros turistas. Sin embargo, hay que decir que los hoteles de Formentera pertenecen a cadenas internacionales que han demostrado el a\u00f1o pasado ser muy sensibles al respeto de las normas sanitarias para evitar cualquier tipo de problema a sus clientes.<\/p>\n\n\n\n<figure class=\"wp-block-image size-large\"><a href=\"https:\/\/www.formenteravuela.com\/es\"><img decoding=\"async\" loading=\"lazy\" width=\"1000\" height=\"354\" src=\"\/public\/uploads\/2020\/05\/ES-Cerchi-appartamento.jpg\" alt=\"\" class=\"wp-image-2872\" srcset=\"\/magazine\/public\/uploads\/2020\/05\/ES-Cerchi-appartamento.jpg 1000w, \/magazine\/public\/uploads\/2020\/05\/ES-Cerchi-appartamento-300x106.jpg 300w, \/magazine\/public\/uploads\/2020\/05\/ES-Cerchi-appartamento-768x272.jpg 768w, \/magazine\/public\/uploads\/2020\/05\/ES-Cerchi-appartamento-990x350.jpg 990w\" sizes=\"(max-width: 1000px) 100vw, 1000px\" \/><\/a><\/figure>\n\n\n\n<h3 class=\"wp-block-heading\"><strong>Los posibles controles anti Covid-19 para entrar a Formentera durante el verano de 2021<\/strong><\/h3>\n\n\n\n<p>Teniendo en cuenta lo dicho hasta ahora, Formentera parece ser una de las posibles candidatas para ser considerada precisamente un destino seguro para las vacaciones de verano 2021, puesto que nisiquiera tiene aeropuerto y por lo tanto ser\u00eda suficiente dotar al \u00fanico puerto de controles a la llegada de todos los visitantes, incluidos los procedentes de la Espa\u00f1a peninsular y no s\u00f3lo los que aterrizan en Ibiza con vuelos internacionales.<br>Ya al dia de hoy se considera normal exigir un test PCR negativo para entrar en las islas espa\u00f1olas, ya que \u00a0durante el invierno se activaron estos protocolos sanitarios para quienes por ejemplo quer\u00edan viajar a las Islas Canarias, y, reservando con antelaci\u00f3n, tanto las PCRs como las pruebas de ant\u00edgenos son m\u00e1s f\u00e1ciles de obtener que en el pasado.<br>Considerando tambi\u00e9n que estamos hablando de una isla peque\u00f1a, con una capacidad m\u00e1xima de visitantes sin embargo reducida en comparaci\u00f3n, por ejemplo, con la misma Ibiza o con islas grandes como Mallorca, Sicilia y Cerde\u00f1a, es evidente que Formentera podr\u00eda ser un destino ideal para el turismo durante la pandemia del Covid.<\/p>\n\n\n\n<h3 class=\"wp-block-heading\"><strong>Viaje seguro: d\u00f3nde ir y c\u00f3mo comportarse para unas vacaciones sin preocupaciones<\/strong><\/h3>\n\n\n\n<p>Es obvio que el gran trabajo tendr\u00e1 que ser realizado por los gobiernos, tanto el central espa\u00f1ol como el autonomico de la isla, pero, como ya sabemos a estas alturas, todav\u00eda es necesario que los ciudadanos y los turistas sigan en la medida de lo posible los protocolos sanitarios necesarios en funci\u00f3n de la incidencia de los contagios entre la poblaci\u00f3n local.<br>Lamentablemente, no es posible garantizar un riesgo cero cuando se trata de Covid19, por lo que los turistas deben informarse unos d\u00edas antes de la salida sobre la situaci\u00f3n de los contagios y comprender cu\u00e1les ser\u00e1n las normas una vez que lleguen a Formentera para sus vacaciones de verano, ya sea en un hotel o apartahotel, como en apartamentos privados.<br>Obviamente desde ahora hasta el verano no he dado saber cu\u00e1l ser\u00e1 la situaci\u00f3n, pero seguramente habr\u00e1 algunas reglas a tener en cuenta, como la distancia social, el uso de m\u00e1scarillas y del gel desinfectante, as\u00ed como el n\u00famero de personas que pueden reunirse tanto en el exterior como en el interior.<\/p>\n\n\n\n<div class=\"wp-block-image\"><figure class=\"aligncenter size-large\"><img decoding=\"async\" loading=\"lazy\" width=\"512\" height=\"335\" src=\"\/public\/uploads\/2021\/01\/mascarillas.jpg\" alt=\"\" class=\"wp-image-2996\" srcset=\"\/magazine\/public\/uploads\/2021\/01\/mascarillas.jpg 512w, \/magazine\/public\/uploads\/2021\/01\/mascarillas-300x196.jpg 300w, \/magazine\/public\/uploads\/2021\/01\/mascarillas-130x86.jpg 130w\" sizes=\"(max-width: 512px) 100vw, 512px\" \/><\/figure><\/div>\n\n\n\n<h4 class=\"wp-block-heading\"><strong>\u00bfEs necesario vacunarse contra el Covid-19 para viajar con seguridad a Formentera?<\/strong><\/h4>\n\n\n\n<p>La campa\u00f1a de vacunaci\u00f3n contra el Covid-19 ha comenzado simult\u00e1neamente en toda Europa, pero por el momento no se sabe si en alg\u00f9n momento ser\u00e0 necesario vacunarse para poder viajar. Seguramente podr\u00eda ser una tranquilidad extra para los que ya hayan recibido la dosis de vacuna, pero a\u00fan as\u00ed se tendr\u00edan que respetar las indicaciones de los m\u00e9dicos en cuanto a las normas sanitarias a cumplir durante las vacaciones en Formentera.<\/p>\n","protected":false},"excerpt":{"rendered":"<p>A pesar de todos los esfuerzos de las autoridades de los distintos pa\u00edses europeos, sigue siendo dif\u00edcil saber si el verano de 2021 estar\u00e1 finalmente libre de restricciones, pero hay algunos lugares que podr\u00edan ser m\u00e1s f\u00e1ciles de controlar en lo que refiere a los contagios importados. Entre ellos podr\u00eda estar nuestra amada isla de [&hellip;]<\/p>\n","protected":false},"author":2,"featured_media":2998,"comment_status":"closed","ping_status":"closed","sticky":false,"template":"","format":"standard","meta":{"footnotes":""},"categories":[52],"tags":[206,85],"_links":{"self":[{"href":"https:\/\/www.formenteravuela.com\/magazine\/es\/wp-json\/wp\/v2\/posts\/3000"}],"collection":[{"href":"https:\/\/www.formenteravuela.com\/magazine\/es\/wp-json\/wp\/v2\/posts"}],"about":[{"href":"https:\/\/www.formenteravuela.com\/magazine\/es\/wp-json\/wp\/v2\/types\/post"}],"author":[{"embeddable":true,"href":"https:\/\/www.formenteravuela.com\/magazine\/es\/wp-json\/wp\/v2\/users\/2"}],"replies":[{"embeddable":true,"href":"https:\/\/www.formenteravuela.com\/magazine\/es\/wp-json\/wp\/v2\/comments?post=3000"}],"version-history":[{"count":1,"href":"https:\/\/www.formenteravuela.com\/magazine\/es\/wp-json\/wp\/v2\/posts\/3000\/revisions"}],"predecessor-version":[{"id":3001,"href":"https:\/\/www.formenteravuela.com\/magazine\/es\/wp-json\/wp\/v2\/posts\/3000\/revisions\/3001"}],"wp:featuredmedia":[{"embeddable":true,"href":"https:\/\/www.formenteravuela.com\/magazine\/es\/wp-json\/wp\/v2\/media\/2998"}],"wp:attachment":[{"href":"https:\/\/www.formenteravuela.com\/magazine\/es\/wp-json\/wp\/v2\/media?parent=3000"}],"wp:term":[{"taxonomy":"category","embeddable":true,"href":"https:\/\/www.formenteravuela.com\/magazine\/es\/wp-json\/wp\/v2\/categories?post=3000"},{"taxonomy":"post_tag","embeddable":true,"href":"https:\/\/www.formenteravuela.com\/magazine\/es\/wp-json\/wp\/v2\/tags?post=3000"}],"curies":[{"name":"wp","href":"https:\/\/api.w.org\/{rel}","templated":true}]}}