{"id":2945,"date":"2020-09-16T11:46:27","date_gmt":"2020-09-16T09:46:27","guid":{"rendered":"http:\/\/magazine.formenteravuela.com\/?p=2945"},"modified":"2021-04-16T18:18:55","modified_gmt":"2021-04-16T16:18:55","slug":"alquilar-un-quad-en-formentera-conviene-o-no-conviene","status":"publish","type":"post","link":"https:\/\/www.formenteravuela.com\/magazine\/es\/consejos-utiles\/alquilar-un-quad-en-formentera-conviene-o-no-conviene\/","title":{"rendered":"Alquilar un quad en Formentera, \u00bfconviene o no conviene?"},"content":{"rendered":"\n<p>En la \u00faltima d\u00e9cada se ha puesto de moda en pr\u00e1cticamente todos los destinos turisticos del Mediterr\u00e1neo <strong>alquilar un quad para desplazarse entre una playa y otra<\/strong> durante las vacaciones de verano.<br><br><strong>Formentera<\/strong>, como uno de los destinos m\u00e1s populares de Europa y rica en caminos de tierra, ha sido un claro ejemplo, ya que hasta hace pocos a\u00f1os hab\u00eda muchos turistas que decidieron alquilar estos veh\u00edculos, pero \u00bfsigue valiendo la pena alquilar un quad en la isla?<br>Nuestra respuesta es clara y quiz\u00e1s obvia: \u00a1absolutamente NO!<\/p>\n\n\n\n<h2 class=\"wp-block-heading\"><strong>Desde 2016 est\u00e1 prohibido el acceso en quad a las playas m\u00e1s bonitas de Formentera<\/strong><\/h2>\n\n\n\n<p>La primera raz\u00f3n por la que no recomendamos el alquiler de estos veh\u00edculos es que desde 2016 <strong>las autoridades locales han prohibido la entrada con quads al parque natural de las Salinas de Ibiza y Formentera<\/strong>, que incluye 2 de las playas m\u00e1s bellas del Mediterr\u00e1neo: la Playa de Ses Illetes y la Playa de Levante, famosa entre otras cosas por ser <a href=\"http:\/\/magazine.formenteravuela.com\/es\/vivir-la-isla\/cazando-los-famosos-en-formentera-a-donde-van-los-y-que-lugares-frecuentan\/\">la favorita de varios famosos<\/a>.<br>Estas playas son las m\u00e1s cercanas al Caribe en Europa: <strong>agua azul cristalina, arena blanca y vistas para capturar en Instagram<\/strong> para hacer que los seguidores mueran de envidia!<br>Para acceder a ellas hay que pasar el control situado al principio del camino de tierra a lo largo de la sinuosa (y maravillosa) carretera que conecta La Savina con <strong>Es Pujols, el principal centro tur\u00edstico<\/strong>. Pero como dec\u00edamos, desde hace algunos a\u00f1os, no te dejan pasar si te presentas con un quad.<br><br>Esto se debe b\u00e1sicamente a dos razones: este tipo de veh\u00edculo es muy ruidoso y molesta tanto a las personas que quieren disfrutar de la tranquilidad de estos lugares como a las aves \u00a0que viven en los estanques de las salinas; al ser veh\u00edculos muy potentes y con neum\u00e1ticos especialmente \u00abagresivos\u00bb dificultan mucho m\u00e1s el mantenimiento de los caminos de tierra que conectan las numerosas calas con los aparcamientos autorizados.<\/p>\n\n\n\n<div class=\"wp-block-image\"><figure class=\"aligncenter size-large is-resized\"><img decoding=\"async\" loading=\"lazy\" src=\"\/public\/uploads\/2020\/09\/quad-prohibidos-2.jpg\" alt=\"\" class=\"wp-image-2942\" width=\"581\" height=\"327\" srcset=\"\/magazine\/public\/uploads\/2020\/09\/quad-prohibidos-2.jpg 515w, \/magazine\/public\/uploads\/2020\/09\/quad-prohibidos-2-300x168.jpg 300w, \/magazine\/public\/uploads\/2020\/09\/quad-prohibidos-2-470x264.jpg 470w, \/magazine\/public\/uploads\/2020\/09\/quad-prohibidos-2-215x120.jpg 215w, \/magazine\/public\/uploads\/2020\/09\/quad-prohibidos-2-414x232.jpg 414w\" sizes=\"(max-width: 581px) 100vw, 581px\" \/><\/figure><\/div>\n\n\n\n<h3 class=\"wp-block-heading\"><strong>Julio y Agosto: circulaci\u00f3n prohibida en todas las carreteras de la isla<\/strong><\/h3>\n\n\n\n<p>Adem\u00e1s de ser poco consejable alquilar un quad en Formentera, tambi\u00e9n se est\u00e1 volviendo muy dif\u00edcil encontrarlos, especialmente a un precio asequible.<br><br><strong>Desde 2019, de hecho, la circulaci\u00f3n de estos veh\u00edculos ha sido totalmente prohibida durante los meses de julio y agosto<\/strong>, la temporada alta de turismo. En este caso la decisi\u00f3n se ha visto afectada por el hecho de que a lo largo de los a\u00f1os ha habido muchos accidentes causados por turistas que hab\u00edan alquilado un quad sin ninguna experiencia (esto es posible porque en Europa no se requiere una licencia especial).<br>Dada la situaci\u00f3n, el alquiler de quads en Formentera ya no es conveniente, pero todav\u00eda hay algunos arrendatarios que disponen de estos veh\u00edculos en temporada baja. <strong>El precio del alquiler de un quad<\/strong>, que ya de por s\u00ed es alto por ser un veh\u00edculo especial, ha vuelto a aumentar debido a la escasa disponibilidad en la isla.<\/p>\n\n\n\n<h4 class=\"wp-block-heading\"><strong>\u00bfQue alternativas hay? Alquilar una moto, una bicicleta, un coche electrico o mejor todav\u00eda un Mehari<\/strong><\/h4>\n\n\n\n<p>La principal alternativa siempre ha sido <a href=\"https:\/\/www.formenteravuela.com\/es\/alquila-un-vehiculo\">alquilar una moto o ciclomotor en Formentera<\/a>, el medio por excelencia para visitar la isla de arriba a abajo en total libertad.<br>Como ya saben, la isla es bastante peque\u00f1a, y si quieren <a href=\"https:\/\/www.formenteravuela.com\/es\/apartamentos\">alquilar un apartamento o un hotel<\/a> en un \u00e1rea central, pueden elegir tener unas vacaciones saludables en pleno contacto con la naturaleza alquilando una bicicleta: tranquila, barata y ecol\u00f3gica. Y si eres demasiado perezoso podr\u00edas considerar <strong>alquilar una bicicleta el\u00e9ctrica<\/strong>, la soluci\u00f3n ideal para integrarte con el \u00abritmo lento\u00bb de la isla sin demasiado esfuerzo.<br><br>Sin embargo, hay muchos turistas que se consideran \u00abhu\u00e9rfanos\u00bb de los quads, ya que es una experiencia divertida que seguramente se alejar\u00e1 de la vida cotidiana de la mayor\u00eda de la gente, ya que eran una forma adicional de ocio durante las vacaciones. Para compensar esta carencia, <strong>recomendamos alquilar una Mehari<\/strong>, el mitico todoterreno hippy de los a\u00f1os 60. A estas alturas, casi todos los alquileres de la isla tienen a su disposici\u00f3n estos coloridos veh\u00edculos hist\u00f3ricos totalmente revisados y renovados.<br><br>Si, por el contrario, ha decidido seguir el camino de la ecolog\u00eda, siempre puede decidir <a href=\"http:\/\/magazine.formenteravuela.com\/es\/vivir-la-isla\/alquiler-de-coches-electricos-en-formentera-consejos-y-ofertas\/\">alquilar un coche el\u00e9ctrico<\/a>, que en Formentera ya se ha establecido como el camino a seguir en el futuro, para devolver a la isla su esencia, un oasis de tranquilidad y naturaleza virgen como lo era hasta hace unas d\u00e9cadas.<\/p>\n\n\n\n<figure class=\"wp-block-image size-large\"><a href=\"https:\/\/www.formenteravuela.com\/es\/alquila-un-vehiculo\"><img decoding=\"async\" loading=\"lazy\" width=\"1000\" height=\"354\" src=\"\/public\/uploads\/2020\/04\/ES-Affitto.jpg\" alt=\"\" class=\"wp-image-2757\" srcset=\"\/magazine\/public\/uploads\/2020\/04\/ES-Affitto.jpg 1000w, \/magazine\/public\/uploads\/2020\/04\/ES-Affitto-300x106.jpg 300w, \/magazine\/public\/uploads\/2020\/04\/ES-Affitto-768x272.jpg 768w, \/magazine\/public\/uploads\/2020\/04\/ES-Affitto-990x350.jpg 990w\" sizes=\"(max-width: 1000px) 100vw, 1000px\" \/><\/a><\/figure>\n","protected":false},"excerpt":{"rendered":"<p>En la \u00faltima d\u00e9cada se ha puesto de moda en pr\u00e1cticamente todos los destinos turisticos del Mediterr\u00e1neo alquilar un quad para desplazarse entre una playa y otra durante las vacaciones de verano. Formentera, como uno de los destinos m\u00e1s populares de Europa y rica en caminos de tierra, ha sido un claro ejemplo, ya que [&hellip;]<\/p>\n","protected":false},"author":2,"featured_media":2943,"comment_status":"closed","ping_status":"closed","sticky":false,"template":"","format":"standard","meta":{"footnotes":""},"categories":[52],"tags":[103,85,449],"_links":{"self":[{"href":"https:\/\/www.formenteravuela.com\/magazine\/es\/wp-json\/wp\/v2\/posts\/2945"}],"collection":[{"href":"https:\/\/www.formenteravuela.com\/magazine\/es\/wp-json\/wp\/v2\/posts"}],"about":[{"href":"https:\/\/www.formenteravuela.com\/magazine\/es\/wp-json\/wp\/v2\/types\/post"}],"author":[{"embeddable":true,"href":"https:\/\/www.formenteravuela.com\/magazine\/es\/wp-json\/wp\/v2\/users\/2"}],"replies":[{"embeddable":true,"href":"https:\/\/www.formenteravuela.com\/magazine\/es\/wp-json\/wp\/v2\/comments?post=2945"}],"version-history":[{"count":3,"href":"https:\/\/www.formenteravuela.com\/magazine\/es\/wp-json\/wp\/v2\/posts\/2945\/revisions"}],"predecessor-version":[{"id":2949,"href":"https:\/\/www.formenteravuela.com\/magazine\/es\/wp-json\/wp\/v2\/posts\/2945\/revisions\/2949"}],"wp:featuredmedia":[{"embeddable":true,"href":"https:\/\/www.formenteravuela.com\/magazine\/es\/wp-json\/wp\/v2\/media\/2943"}],"wp:attachment":[{"href":"https:\/\/www.formenteravuela.com\/magazine\/es\/wp-json\/wp\/v2\/media?parent=2945"}],"wp:term":[{"taxonomy":"category","embeddable":true,"href":"https:\/\/www.formenteravuela.com\/magazine\/es\/wp-json\/wp\/v2\/categories?post=2945"},{"taxonomy":"post_tag","embeddable":true,"href":"https:\/\/www.formenteravuela.com\/magazine\/es\/wp-json\/wp\/v2\/tags?post=2945"}],"curies":[{"name":"wp","href":"https:\/\/api.w.org\/{rel}","templated":true}]}}