{"id":2825,"date":"2020-05-10T13:27:04","date_gmt":"2020-05-10T11:27:04","guid":{"rendered":"http:\/\/magazine.formenteravuela.com\/?p=2825"},"modified":"2021-04-16T18:21:48","modified_gmt":"2021-04-16T16:21:48","slug":"el-famoso-balcon-de-es-calo-des-mort-se-derrumba","status":"publish","type":"post","link":"https:\/\/www.formenteravuela.com\/magazine\/es\/naturaleza\/el-famoso-balcon-de-es-calo-des-mort-se-derrumba\/","title":{"rendered":"El famoso balc\u00f3n de Es Cal\u00f3 Des Mort se derrumba"},"content":{"rendered":"<p>Seguramente para muchos de nosotros y de nuestros lectores, este fascinante rinc\u00f3n de la isla, adem\u00e1s de ser el m\u00e1s fotog\u00e9nico, es tambi\u00e9n uno de los m\u00e1s<strong> queridos y \u00fanicos de Formentera<\/strong>, tanto porque es un poco m\u00e1s impenetrable para llegar y descubrirlo, o bien porque es aqu\u00ed que a <strong>muchos naturistas<\/strong> les encanta sentirse libres y sumergirse en sus cristalinas aguas.<\/p>\n<p>El espectacular<strong> Cal\u00f2 d&#8217;es Mort,<\/strong> situado en el sureste de Formentera, ha sido siempre la playa misteriosa, ese lugar legendario para encontrar y buscar con vagas indicaciones de los habitantes locales, recompensado s\u00f3lo una vez que se llega, por la impresionante <strong>vista de toda la costa de Migjorn<\/strong>, hasta el promontorio del Cap de Barberia. Miles de turistas en los \u00faltimos a\u00f1os han inmortalizado una foto en el famoso arco o <strong>balc\u00f3n de Cal\u00f2 des Mort, el lugar perfecto<\/strong> para posar y ser fotografiado con esta sensaci\u00f3n de estar suspendido en el aire, casi tocando el cielo con un dedo.<\/p>\n<figure id=\"attachment_2817\" aria-describedby=\"caption-attachment-2817\" style=\"width: 689px\" class=\"wp-caption alignnone\"><img decoding=\"async\" loading=\"lazy\" class=\" wp-image-2817\" src=\"\/public\/uploads\/2020\/05\/14072977_937017489743976_1924485311_n-001.jpg\" alt=\"\" width=\"689\" height=\"463\" srcset=\"\/magazine\/public\/uploads\/2020\/05\/14072977_937017489743976_1924485311_n-001.jpg 973w, \/magazine\/public\/uploads\/2020\/05\/14072977_937017489743976_1924485311_n-001-300x202.jpg 300w, \/magazine\/public\/uploads\/2020\/05\/14072977_937017489743976_1924485311_n-001-768x516.jpg 768w, \/magazine\/public\/uploads\/2020\/05\/14072977_937017489743976_1924485311_n-001-130x86.jpg 130w\" sizes=\"(max-width: 689px) 100vw, 689px\" \/><figcaption id=\"caption-attachment-2817\" class=\"wp-caption-text\">@nnfaye<\/figcaption><\/figure>\n<p>Bueno, si eres una de esas pocas personas afortunadas que tienen una de estas fotos, gu\u00e1rdala porque desafortunadamente el balc\u00f3n <strong>no soport\u00f3 el peso del tiempo,<\/strong> y la lenta erosi\u00f3n del viento y de las lluvias invernales hicieron que la roca se volviera fr\u00e1gil y la dejaron <strong>desmoronarse hace unos d\u00edas<\/strong>. Una peque\u00f1a pero legendaria parte de Formentera se ha dejado moldear por los elementos naturales del tiempo, afortunadamente en una \u00e9poca en la que no hab\u00eda gente alrededor.<\/p>\n<p><img decoding=\"async\" loading=\"lazy\" class=\"alignnone wp-image-2816\" src=\"\/public\/uploads\/2020\/05\/02-V-2020-7bts-Balconada-de-roca-de-Cal\u00f3-des-Mort-trencada-i-caiguda_redux-001.jpg\" alt=\"\" width=\"742\" height=\"551\" srcset=\"\/magazine\/public\/uploads\/2020\/05\/02-V-2020-7bts-Balconada-de-roca-de-Cal\u00f3-des-Mort-trencada-i-caiguda_redux-001.jpg 913w, \/magazine\/public\/uploads\/2020\/05\/02-V-2020-7bts-Balconada-de-roca-de-Cal\u00f3-des-Mort-trencada-i-caiguda_redux-001-300x223.jpg 300w, \/magazine\/public\/uploads\/2020\/05\/02-V-2020-7bts-Balconada-de-roca-de-Cal\u00f3-des-Mort-trencada-i-caiguda_redux-001-768x570.jpg 768w, \/magazine\/public\/uploads\/2020\/05\/02-V-2020-7bts-Balconada-de-roca-de-Cal\u00f3-des-Mort-trencada-i-caiguda_redux-001-74x55.jpg 74w, \/magazine\/public\/uploads\/2020\/05\/02-V-2020-7bts-Balconada-de-roca-de-Cal\u00f3-des-Mort-trencada-i-caiguda_redux-001-111x83.jpg 111w, \/magazine\/public\/uploads\/2020\/05\/02-V-2020-7bts-Balconada-de-roca-de-Cal\u00f3-des-Mort-trencada-i-caiguda_redux-001-215x161.jpg 215w\" sizes=\"(max-width: 742px) 100vw, 742px\" \/><\/p>\n<p>Aunque el caracter\u00edstico balc\u00f3n del cal\u00f2 de D&#8217;es Mort ya no estar\u00e1 suspendido en el vac\u00edo y el tiempo, <strong>la belleza y la paz<\/strong> que se respirar\u00e1 en este encantador rinc\u00f3n de la isla ser\u00e1 <strong>siempre la misma.<\/strong><\/p>\n<p>We\u00a0\u2764\u00a0Formentera.<\/p>\n<p><img decoding=\"async\" loading=\"lazy\" class=\"alignnone size-full wp-image-2813\" src=\"\/public\/uploads\/2020\/05\/calo-des-mort-1.jpg\" alt=\"\" width=\"1400\" height=\"938\" srcset=\"\/magazine\/public\/uploads\/2020\/05\/calo-des-mort-1.jpg 1400w, \/magazine\/public\/uploads\/2020\/05\/calo-des-mort-1-300x200.jpg 300w, \/magazine\/public\/uploads\/2020\/05\/calo-des-mort-1-768x515.jpg 768w, \/magazine\/public\/uploads\/2020\/05\/calo-des-mort-1-1024x686.jpg 1024w, \/magazine\/public\/uploads\/2020\/05\/calo-des-mort-1-414x276.jpg 414w, \/magazine\/public\/uploads\/2020\/05\/calo-des-mort-1-130x86.jpg 130w, \/magazine\/public\/uploads\/2020\/05\/calo-des-mort-1-187x124.jpg 187w, \/magazine\/public\/uploads\/2020\/05\/calo-des-mort-1-990x663.jpg 990w, \/magazine\/public\/uploads\/2020\/05\/calo-des-mort-1-1320x884.jpg 1320w\" sizes=\"(max-width: 1400px) 100vw, 1400px\" \/><\/p>\n","protected":false},"excerpt":{"rendered":"<p>Seguramente para muchos de nosotros y de nuestros lectores, este fascinante rinc\u00f3n de la isla, adem\u00e1s de ser el m\u00e1s fotog\u00e9nico, es tambi\u00e9n uno de los m\u00e1s queridos y \u00fanicos de Formentera, tanto porque es un poco m\u00e1s impenetrable para llegar y descubrirlo, o bien porque es aqu\u00ed que a muchos naturistas les encanta sentirse [&hellip;]<\/p>\n","protected":false},"author":2,"featured_media":2821,"comment_status":"closed","ping_status":"closed","sticky":false,"template":"","format":"standard","meta":{"footnotes":""},"categories":[90],"tags":[],"_links":{"self":[{"href":"https:\/\/www.formenteravuela.com\/magazine\/es\/wp-json\/wp\/v2\/posts\/2825"}],"collection":[{"href":"https:\/\/www.formenteravuela.com\/magazine\/es\/wp-json\/wp\/v2\/posts"}],"about":[{"href":"https:\/\/www.formenteravuela.com\/magazine\/es\/wp-json\/wp\/v2\/types\/post"}],"author":[{"embeddable":true,"href":"https:\/\/www.formenteravuela.com\/magazine\/es\/wp-json\/wp\/v2\/users\/2"}],"replies":[{"embeddable":true,"href":"https:\/\/www.formenteravuela.com\/magazine\/es\/wp-json\/wp\/v2\/comments?post=2825"}],"version-history":[{"count":3,"href":"https:\/\/www.formenteravuela.com\/magazine\/es\/wp-json\/wp\/v2\/posts\/2825\/revisions"}],"predecessor-version":[{"id":3066,"href":"https:\/\/www.formenteravuela.com\/magazine\/es\/wp-json\/wp\/v2\/posts\/2825\/revisions\/3066"}],"wp:featuredmedia":[{"embeddable":true,"href":"https:\/\/www.formenteravuela.com\/magazine\/es\/wp-json\/wp\/v2\/media\/2821"}],"wp:attachment":[{"href":"https:\/\/www.formenteravuela.com\/magazine\/es\/wp-json\/wp\/v2\/media?parent=2825"}],"wp:term":[{"taxonomy":"category","embeddable":true,"href":"https:\/\/www.formenteravuela.com\/magazine\/es\/wp-json\/wp\/v2\/categories?post=2825"},{"taxonomy":"post_tag","embeddable":true,"href":"https:\/\/www.formenteravuela.com\/magazine\/es\/wp-json\/wp\/v2\/tags?post=2825"}],"curies":[{"name":"wp","href":"https:\/\/api.w.org\/{rel}","templated":true}]}}