{"id":2687,"date":"2020-06-17T16:15:17","date_gmt":"2020-06-17T14:15:17","guid":{"rendered":"http:\/\/magazine.formenteravuela.com\/?p=2687"},"modified":"2021-04-16T18:26:45","modified_gmt":"2021-04-16T16:26:45","slug":"alquilar-un-mehari-para-una-vacaciones-al-puro-estilo-formentera","status":"publish","type":"post","link":"https:\/\/www.formenteravuela.com\/magazine\/es\/vivir-la-isla\/alquilar-un-mehari-para-una-vacaciones-al-puro-estilo-formentera\/","title":{"rendered":"Alquilar un Mehari, para una vacaciones al puro estilo Formentera"},"content":{"rendered":"<p>Los <em>Citro\u00ebn Mehari<\/em> y Formentera siempre han unido sus caminos, en <strong>un idilio de estilo y sentimiento de libertad<\/strong> que nunca se ha roto desde los a\u00f1os 60.<br \/>\n<strong>Alquilar uno de estos m\u00edticos veh\u00edculos<\/strong> har\u00e1 de sus vacaciones en la isla una experiencia \u00fanica e inolvidable.<\/p>\n<h2><strong>Un veh\u00edculo hist\u00f3rico, desde 1968 hasta el d\u00eda de hoy<\/strong><\/h2>\n<p>Los primeros modelos de este coche se produjeron en 1968, lo que lo hizo inmediatamente popular fu\u00e9 la chapa de pl\u00e1stico, por lo tanto inoxidable, flexible y econ\u00f3mica, montada en el chasis del igualmente famoso <em>Citro\u00ebn Dyane<\/em>.<br \/>\nSeg\u00fan las interpretaciones m\u00e1s fiables, el nombre Mehari puede traducirse como un dromedario de gran tama\u00f1o y excelente rendimiento en t\u00e9rminos de fuerza y velocidad.<br \/>\n<strong>En Formentera, este veh\u00edculo se hab\u00eda impuesto inmediatamente<\/strong>, especialmente entre <a href=\"http:\/\/magazine.formenteravuela.com\/es\/cultura-y-eventos\/la-cultura-hippie-en-formentera-fiestas-flower-power\/\">los hippies que poblaban la isla a finales de los a\u00f1os 60 y 70<\/a>, ya que se adaptaba perfectamente a las caracter\u00edsticas del lugar, adem\u00e1s de estar en perfecto estilo de <em>flower power<\/em>.<\/p>\n<p><img decoding=\"async\" loading=\"lazy\" class=\"alignnone size-full wp-image-2679\" src=\"\/public\/uploads\/2020\/02\/mehari-2-1.jpg\" alt=\"\" width=\"900\" height=\"599\" srcset=\"\/magazine\/public\/uploads\/2020\/02\/mehari-2-1.jpg 900w, \/magazine\/public\/uploads\/2020\/02\/mehari-2-1-300x200.jpg 300w, \/magazine\/public\/uploads\/2020\/02\/mehari-2-1-768x511.jpg 768w, \/magazine\/public\/uploads\/2020\/02\/mehari-2-1-414x276.jpg 414w, \/magazine\/public\/uploads\/2020\/02\/mehari-2-1-470x313.jpg 470w, \/magazine\/public\/uploads\/2020\/02\/mehari-2-1-640x426.jpg 640w, \/magazine\/public\/uploads\/2020\/02\/mehari-2-1-130x86.jpg 130w, \/magazine\/public\/uploads\/2020\/02\/mehari-2-1-187x124.jpg 187w\" sizes=\"(max-width: 900px) 100vw, 900px\" \/><\/p>\n<h2><strong>Cuanto cuesta y donde alquilar un Mehari en Formentera<\/strong><\/h2>\n<p>En 1988 se cerr\u00f3 la producci\u00f3n de estos veh\u00edculos y con el paso de los a\u00f1os se hizo cada vez m\u00e1s dif\u00edcil encontrarlos en buen estado, hasta que <strong>a principios del milenio volvieron a ponerse de moda<\/strong> ya que no era tan dif\u00edcil restaurarlos.<br \/>\nAs\u00ed fue como un par de alquileres de coches de la isla comenzaron a ofrecerlo y recibieron una gran respuesta de los clientes, que con gusto gastaban un poco m\u00e1s para estos veh\u00edculos, pero a cambio viv\u00edan una experiencia inolvidable en pleno contacto con <strong>el esp\u00edritu libre que se vive en Formentera<\/strong>.<\/p>\n<p>Hoy en d\u00eda <strong>es bastante f\u00e1cil alquilar un Mehari en Formentera<\/strong>, ya que casi todas las empresas de alquiler los tienen en su flota.<br \/>\nPara ver los precios de alquiler de coches, haga clic en el anuncio aqu\u00f3 abajo e introduce las fechas deseadas. Tambi\u00e9n puedes usar nuestro c\u00f3digo de descuento \u00abformentera vuela\u00bb.<\/p>\n<p><a href=\"https:\/\/www.formenteravuela.com\/alquila-un-vehiculo\"><img decoding=\"async\" loading=\"lazy\" class=\"alignnone size-full wp-image-2477\" src=\"\/public\/uploads\/2019\/11\/Clicca-qui-ESP.jpg\" alt=\"\" width=\"1000\" height=\"200\" srcset=\"\/magazine\/public\/uploads\/2019\/11\/Clicca-qui-ESP.jpg 1000w, \/magazine\/public\/uploads\/2019\/11\/Clicca-qui-ESP-300x60.jpg 300w, \/magazine\/public\/uploads\/2019\/11\/Clicca-qui-ESP-768x154.jpg 768w, \/magazine\/public\/uploads\/2019\/11\/Clicca-qui-ESP-990x198.jpg 990w\" sizes=\"(max-width: 1000px) 100vw, 1000px\" \/><\/a><\/p>\n<h3><strong>La \u00e9poca moderna, el lanzamiento del E-Mehari en Formentera en 2016<\/strong><\/h3>\n<p>Cuando Citro\u00ebn anunci\u00f3 que <strong>presentar\u00eda la nueva versi\u00f3n el\u00e9ctrica del Mehari en Formentera<\/strong>, fue como si el c\u00edrculo se hubiera cerrado de una vez por todas.<br \/>\nEste <strong>veh\u00edculo ic\u00f3nico<\/strong>, que tanto hab\u00eda caracterizado los mejores a\u00f1os de esta isla, fue una vez m\u00e1s el protagonista en su <strong>versi\u00f3n ecol\u00f3gica<\/strong> aqu\u00ed mismo, donde el gobierno de la isla se ha fijado el objetivo de hacer que toda su flota sea totalmente el\u00e9ctrica para el a\u00f1o 2050.<br \/>\nAhora es posible <strong>alquilar un Mehari el\u00e9ctrico en Formentera<\/strong>, para fusionar el esp\u00edritu hippie con el ecol\u00f3gico y ayudar a hacer m\u00e1s sostenible el turismo en la m\u00e1s peque\u00f1a de las Islas Baleares.<\/p>\n<p><img decoding=\"async\" loading=\"lazy\" class=\"alignnone size-large wp-image-2678\" src=\"\/public\/uploads\/2020\/02\/mehari-1024x683.jpg\" alt=\"\" width=\"1024\" height=\"683\" srcset=\"\/magazine\/public\/uploads\/2020\/02\/mehari.jpg 1024w, \/magazine\/public\/uploads\/2020\/02\/mehari-300x200.jpg 300w, \/magazine\/public\/uploads\/2020\/02\/mehari-768x512.jpg 768w, \/magazine\/public\/uploads\/2020\/02\/mehari-414x276.jpg 414w, \/magazine\/public\/uploads\/2020\/02\/mehari-470x313.jpg 470w, \/magazine\/public\/uploads\/2020\/02\/mehari-640x426.jpg 640w, \/magazine\/public\/uploads\/2020\/02\/mehari-130x86.jpg 130w, \/magazine\/public\/uploads\/2020\/02\/mehari-187x124.jpg 187w, \/magazine\/public\/uploads\/2020\/02\/mehari-990x660.jpg 990w\" sizes=\"(max-width: 1024px) 100vw, 1024px\" \/><\/p>\n","protected":false},"excerpt":{"rendered":"<p>Los Citro\u00ebn Mehari y Formentera siempre han unido sus caminos, en un idilio de estilo y sentimiento de libertad que nunca se ha roto desde los a\u00f1os 60. Alquilar uno de estos m\u00edticos veh\u00edculos har\u00e1 de sus vacaciones en la isla una experiencia \u00fanica e inolvidable. Un veh\u00edculo hist\u00f3rico, desde 1968 hasta el d\u00eda de [&hellip;]<\/p>\n","protected":false},"author":2,"featured_media":2682,"comment_status":"closed","ping_status":"closed","sticky":false,"template":"","format":"standard","meta":{"footnotes":""},"categories":[91],"tags":[296,298,323,369,297,649],"_links":{"self":[{"href":"https:\/\/www.formenteravuela.com\/magazine\/es\/wp-json\/wp\/v2\/posts\/2687"}],"collection":[{"href":"https:\/\/www.formenteravuela.com\/magazine\/es\/wp-json\/wp\/v2\/posts"}],"about":[{"href":"https:\/\/www.formenteravuela.com\/magazine\/es\/wp-json\/wp\/v2\/types\/post"}],"author":[{"embeddable":true,"href":"https:\/\/www.formenteravuela.com\/magazine\/es\/wp-json\/wp\/v2\/users\/2"}],"replies":[{"embeddable":true,"href":"https:\/\/www.formenteravuela.com\/magazine\/es\/wp-json\/wp\/v2\/comments?post=2687"}],"version-history":[{"count":1,"href":"https:\/\/www.formenteravuela.com\/magazine\/es\/wp-json\/wp\/v2\/posts\/2687\/revisions"}],"predecessor-version":[{"id":2688,"href":"https:\/\/www.formenteravuela.com\/magazine\/es\/wp-json\/wp\/v2\/posts\/2687\/revisions\/2688"}],"wp:featuredmedia":[{"embeddable":true,"href":"https:\/\/www.formenteravuela.com\/magazine\/es\/wp-json\/wp\/v2\/media\/2682"}],"wp:attachment":[{"href":"https:\/\/www.formenteravuela.com\/magazine\/es\/wp-json\/wp\/v2\/media?parent=2687"}],"wp:term":[{"taxonomy":"category","embeddable":true,"href":"https:\/\/www.formenteravuela.com\/magazine\/es\/wp-json\/wp\/v2\/categories?post=2687"},{"taxonomy":"post_tag","embeddable":true,"href":"https:\/\/www.formenteravuela.com\/magazine\/es\/wp-json\/wp\/v2\/tags?post=2687"}],"curies":[{"name":"wp","href":"https:\/\/api.w.org\/{rel}","templated":true}]}}