{"id":1964,"date":"2019-01-20T20:57:16","date_gmt":"2019-01-20T19:57:16","guid":{"rendered":"http:\/\/magazine.formenteravuela.com\/?p=1964"},"modified":"2023-11-27T10:30:26","modified_gmt":"2023-11-27T09:30:26","slug":"entre-bicicletas-y-paseos-los-senderos-verdes-mas-bonitos-de-formentera","status":"publish","type":"post","link":"https:\/\/www.formenteravuela.com\/magazine\/es\/naturaleza\/entre-bicicletas-y-paseos-los-senderos-verdes-mas-bonitos-de-formentera\/","title":{"rendered":"Entre bicicletas y paseos: las rutas verdes m\u00e1s bonitas de Formentera"},"content":{"rendered":"<p>Formentera es, sin duda, uno de los destinos tur\u00edsticos m\u00e1s de moda del Mediterr\u00e1neo. Esto no es s\u00f3lo consecuencia de la visibilidad que recibe de la presencia de numerosos famosos que la eligen para pasar sus vacaciones. La isla es de hecho una <strong>verdadera maravilla natural<\/strong>, toda para explorar y descubrir.<\/p>\n<p>&nbsp;<\/p>\n<p>Nuestro consejo es visitarla a trav\u00e9s de <strong>las numerosas rutas verdes,<\/strong> casi todos los cuales se pueden recorrer<strong> a pies o en bicicleta<\/strong>, y\u00a0 perderse en las carreteras secundarias y luego encontrarse m\u00e1gicamente en rincones hermosos e inesperados, o llegar a una zona costera perfectamente intacta. Despu\u00e9s de todo, la isla es peque\u00f1a y tarde o temprano siempre te encontrar\u00e1s de camino a casa!<\/p>\n<h2><strong>Formentera en bicicleta: rutas en bicicleta<\/strong><\/h2>\n<p>En Formentera existen 32 rutas verdes, con un total de <strong>m\u00e1s de 100 kil\u00f3metros de recorridos<\/strong>, casi todas ellas con carriles bici y sin diferencias de nivel significativas dada la llanura geogr\u00e1fica de la isla (obviamente excluyendo las que suben a La Mola). Sin embargo, es aconsejable alquilar una bicicleta con marchas para poder adaptarse mejor a todo tipo de terreno, as\u00ed como por supuesto recordamos que hay que protegerse del sol y tener siempre un buen suministro de agua, ya que se trata de senderos verdes, totalmente rodeados de naturaleza y no siempre habr\u00e1 zonas de sombra o areas equipadas con bares y restaurantes.<\/p>\n<h3><strong>Paseos entre la naturaleza de Formentera<\/strong><\/h3>\n<p>Otra forma de hacer que las vacaciones sean inolvidables, es organizar un agradable <strong>paseo por Formentera<\/strong>. Siempre en referencia a las rutas anteriores, para los amantes del NordicWalking tambi\u00e9n existe la opci\u00f3n de solicitar los palos adecuados en la oficina de turismo de Sant Francesc.<\/p>\n<p>Los itinerarios est\u00e1n perfectamente indicados y marcados en su totalidad con flechas de diferentes colores y se\u00f1ales que indican <strong>las distancias a recorrer.<\/strong> Puede descargar un mapa detallado<a class=\"herald-popup-img\" href=\"http:\/\/www.formentera.es\/catalegs\/petit_mapa_nou.jpg\">haciendo clic aqu\u00ed<\/a>, o el cat\u00e1logo de todas las rutas <a href=\"http:\/\/www.formentera.es\/catalegs\/RUTES_ITA_web.pdf\">haciendo clic aqu\u00ed<\/a>.<\/p>\n<p>&nbsp;<\/p>\n<h2><strong>Las rutas de Formentera que no te puedes perder<\/strong><\/h2>\n<p>Entre los muchos itinerarios para elegir, recomendamos los siguientes:<\/p>\n<p><strong><em>Ruta 1: La Savina &#8211; Playa de Illetas<\/em><\/strong><\/p>\n<p>Un gran cl\u00e1sico, incluso para aquellos que quieran visitar Formentera en bicicleta (o a pies) procedentes de Ibiza. Partimos del puerto de La Savina, cruzamos las Salinas hasta llegar a la hermosa playa de Illetas, el Caribe del Mediterr\u00e1neo. Si lo desea, puede continuar (obligatoriamente a pies) hasta la punta de SesTrucadors, donde las costas este y oeste se encuentran en una franja de arena.<\/p>\n<p><strong><em>Ruta 2:\u00a0<\/em><\/strong><strong>La Savina \u2013 Sant Francesc \u2013 Es Pujols<\/strong><\/p>\n<p>Otra de las rutas verdes de Formentera que comienzan en el puerto de la Savina, pasando siempre por las bellas salineras, para luego continuar alrededor del lago de agua salada llamadoS&#8217;estanyPudent, donde se pueden ver <strong>garzas y flamencos<\/strong>. Se puede desviarse hasta la capital de la isla, Sant Francesc, y continuar hasta el centro tur\u00edstico de Es Pujols.<\/p>\n<p>Para los m\u00e1s entrenados tambi\u00e9n existe la posibilidad de continuar por la ruta 19 hasta la playa de Illetas (sin embargo, este tramo no es apto para bicicletas), para conectar el sendero n\u00ba 1 y as\u00ed cerrar el circuito hasta el punto de partida, con un tiempo total de unas 4 horas de marcha.<\/p>\n<p><strong><em>Ruta 6:\u00a0<\/em><\/strong><strong>Sant Francesc \u2013 PortuSaler<\/strong><\/p>\n<p>En este caso se trata de un corto paseo (unos 2 km) que se combina con una visita al pueblo de Sant Francesc. Se inicia desde la plaza de la iglesia en direcci\u00f3n al antiguo cementerio, recientemente restaurado y abierto al p\u00fablico. Seguimos hacia la zona de los molinos, uno de los cuales data del siglo XVIII y est\u00e1 abierto al p\u00fablico. Desde aqu\u00ed nos dirigimos hacia el lago salado de S&#8217;estany des Peix, desde donde podremos disfrutar de unas maravillosas vistas con las isla de Ibiza y Es Vedr\u00e1 al fondo.<\/p>\n<p><strong><em>Ruta 21<\/em><\/strong><strong>: SantFerran \u2013 Cala En Baster \u2013 Playa Mitjorn<\/strong><\/p>\n<p>Este itinerario empieza desde el pueblo de SantFerran, que se puede visitar r\u00e1pidamente antes de partir hacia la costa, con destino a Cala En Baster, una cala rodeada de imponentes rocas y con varias<strong> casitas\/embarcaderos<\/strong> con los caracter\u00edsticos \u201ctoboganes\u201d para poner en agua las embarcaciones de los pescadores. Desde aqu\u00ed nos dirigiremos hacia el sur, atravesando la Formentera m\u00e1s rural, entre campos, higueras y muros de piedra hasta llegar a la Playa de Mitjorn, la playa m\u00e1s larga de la isla.<\/p>\n<p><strong><em>Ruta 25:\u00a0<\/em><\/strong><strong>Es Cal\u00f3 de Sant Agusti \u2013 El Pilar de la Mola<\/strong><\/p>\n<p>Esta ruta sale desde el t\u00edpico <strong>pueblo pesquero de Es Cal\u00f3<\/strong> y sube por el hist\u00f3rico camino del Cam\u00ed de Sa Pujada hasta el punto m\u00e1s alto de la isla de Formentera: La Mola. Desde aqu\u00ed se puede disfrutar de unas impresionantes vistas panor\u00e1micas de la playa de Mitjorn, la franja arenosa de Levante e Illetas, hasta Ibiza, con la isla rocosa de Es Vedr\u00e0 al fondo. Seguimos por los vi\u00f1edos del la cantina local \u00abTerramoll\u00bb hasta llegar al pueblo de El Pilar, desde el que, entre otras cosas, parten otros senderos muy agradables y f\u00e1cilmente practicables, incluido el pr\u00f3ximo que propondremos.<\/p>\n<p><strong><em>Ruta 32:\u00a0<\/em><\/strong><strong>El Pilar de La Mola<\/strong><\/p>\n<p>Esta \u00faltima ruta verde que proponemos es la m\u00e1s larga de todas y est\u00e1 especialmente <strong>recomendada para aquellos que decidan visitar Formentera<\/strong> en bicicleta. Fue dise\u00f1ada con la idea de poder experimentar y vivir la isla como era hace unos a\u00f1os: tranquila, natural y maravillosa. Los 12 km que componen el recorridoincluyen\u00a0 los principales atractivos de esta zona: el faro, los vi\u00f1edos, los campos, los bosques y los miradores sobre el acantilado que domina el mar. Podr\u00edas decidir hacer este itinerario el mi\u00e9rcoles o el domingo, cuando el <strong>famoso mercado hippie<\/strong>se organiza en el pueblo, pero en ese caso prep\u00e1rate para encontrar un poco m\u00e1s de gente, especialmente en la zona del faro.<\/p>\n<p>&nbsp;<\/p>\n<h3><strong>Conclusiones<\/strong><\/h3>\n<p>Esperamos con este art\u00edculo haberte hecho querer unas <a href=\"http:\/\/www.formenteravuela.com\/es\">vacaciones en Formentera<\/a>, para visitar otra Formentera: no solo la de las playas llenas de famosos, de las tardes con DJs de moda y c\u00f3cteles al atardecer, sino una isla donde vivir a un ritmo diferente, sin prisas ni estr\u00e9s.\u00a0 Sin necesidad de utilizar veh\u00edculos motorizados se puede vivir una experiencia en pleno contacto con la naturaleza, con <strong>absoluto respeto por el medio ambiente<\/strong>.<\/p>\n<p>As\u00ed que pi\u00e9rdete entre las rutas verdes de Formentera: \u00a1s\u00f3lo as\u00ed la peque\u00f1a Perla de las Islas Baleares se convertir\u00e1 en una isla interminable que s\u00f3lo unos pocos llegan conocer en su verdadera esencia!<\/p>\n","protected":false},"excerpt":{"rendered":"<p>Formentera es, sin duda, uno de los destinos tur\u00edsticos m\u00e1s de moda del Mediterr\u00e1neo. Esto no es s\u00f3lo consecuencia de la visibilidad que recibe de la presencia de numerosos famosos que la eligen para pasar sus vacaciones. La isla es de hecho una verdadera maravilla natural, toda para explorar y descubrir. &nbsp; Nuestro consejo es [&hellip;]<\/p>\n","protected":false},"author":2,"featured_media":1804,"comment_status":"closed","ping_status":"closed","sticky":false,"template":"","format":"standard","meta":{"footnotes":""},"categories":[90],"tags":[108,105,143,115,85,93],"_links":{"self":[{"href":"https:\/\/www.formenteravuela.com\/magazine\/es\/wp-json\/wp\/v2\/posts\/1964"}],"collection":[{"href":"https:\/\/www.formenteravuela.com\/magazine\/es\/wp-json\/wp\/v2\/posts"}],"about":[{"href":"https:\/\/www.formenteravuela.com\/magazine\/es\/wp-json\/wp\/v2\/types\/post"}],"author":[{"embeddable":true,"href":"https:\/\/www.formenteravuela.com\/magazine\/es\/wp-json\/wp\/v2\/users\/2"}],"replies":[{"embeddable":true,"href":"https:\/\/www.formenteravuela.com\/magazine\/es\/wp-json\/wp\/v2\/comments?post=1964"}],"version-history":[{"count":3,"href":"https:\/\/www.formenteravuela.com\/magazine\/es\/wp-json\/wp\/v2\/posts\/1964\/revisions"}],"predecessor-version":[{"id":4032,"href":"https:\/\/www.formenteravuela.com\/magazine\/es\/wp-json\/wp\/v2\/posts\/1964\/revisions\/4032"}],"wp:featuredmedia":[{"embeddable":true,"href":"https:\/\/www.formenteravuela.com\/magazine\/es\/wp-json\/wp\/v2\/media\/1804"}],"wp:attachment":[{"href":"https:\/\/www.formenteravuela.com\/magazine\/es\/wp-json\/wp\/v2\/media?parent=1964"}],"wp:term":[{"taxonomy":"category","embeddable":true,"href":"https:\/\/www.formenteravuela.com\/magazine\/es\/wp-json\/wp\/v2\/categories?post=1964"},{"taxonomy":"post_tag","embeddable":true,"href":"https:\/\/www.formenteravuela.com\/magazine\/es\/wp-json\/wp\/v2\/tags?post=1964"}],"curies":[{"name":"wp","href":"https:\/\/api.w.org\/{rel}","templated":true}]}}