{"id":1948,"date":"2019-01-20T20:39:37","date_gmt":"2019-01-20T19:39:37","guid":{"rendered":"http:\/\/magazine.formenteravuela.com\/?p=1948"},"modified":"2021-04-19T16:43:48","modified_gmt":"2021-04-19T14:43:48","slug":"donde-esta-formentera-un-poco-de-geografia-sobre-el-corazon-salvaje-de-las-islas-baleares","status":"publish","type":"post","link":"https:\/\/www.formenteravuela.com\/magazine\/es\/naturaleza\/donde-esta-formentera-un-poco-de-geografia-sobre-el-corazon-salvaje-de-las-islas-baleares\/","title":{"rendered":"\u00bfD\u00f3nde est\u00e1 Formentera? Un poco de geograf\u00eda sobre el coraz\u00f3n salvaje de las Islas Baleares"},"content":{"rendered":"<p><em>Quiz\u00e1s se pueda considerar como la versi\u00f3n moderna de la isla de Nunca Jam\u00e1s&#8230;. \u00a1pero s\u00ed que existe! As\u00ed que tratemos de responder a la pregunta aparentemente f\u00e1cil \u00ab\u00bfD\u00f3nde est\u00e1 Formentera?<\/em><\/p>\n<p>Formentera es la m\u00e1s peque\u00f1a de las Islas Baleares, sin\u00f3nimo de vida relajada, sol y un mar que no tiene comparaci\u00f3n. Este archipi\u00e9lago est\u00e1 situado en el Mar Mediterr\u00e1neo, <strong>frente a la costa espa\u00f1ola<\/strong>, cuyo punto m\u00e1s cercano es D\u00e9nia, en la comunidadValenciana, a unos 120 km de distancia. A pocos kil\u00f3metros (unos 3 en l\u00ednea recta) de Formentera se encuentra la isla de Ibiza, con la que comparte el aeropuerto, pero de puerto en puerto hay unos 20 km, que son cubiertos por <a href=\"http:\/\/www.formenteravuela.com\/es\">barcos r\u00e1pidos en media hora<\/a>.<\/p>\n<p>Hay varias compa\u00f1\u00edas que ofrecen transporte de pasajeros para conectar las dos localidades, pero si est\u00e1s planeando unas vacaciones por aqu\u00ed, te recomendamos que hagas una b\u00fasqueda en la web para descubrir las ofertas ventajosas para aquellos que reservan el traslado con antelaci\u00f3n.<\/p>\n<p><img decoding=\"async\" loading=\"lazy\" class=\"wp-image-1761 aligncenter\" src=\"\/public\/uploads\/2018\/05\/Where-300x204.jpg\" alt=\"\" width=\"721\" height=\"490\" srcset=\"\/magazine\/public\/uploads\/2018\/05\/Where-300x204.jpg 300w, \/magazine\/public\/uploads\/2018\/05\/Where-768x522.jpg 768w, \/magazine\/public\/uploads\/2018\/05\/Where-990x673.jpg 990w, \/magazine\/public\/uploads\/2018\/05\/Where-379x259.jpg 379w, \/magazine\/public\/uploads\/2018\/05\/Where.jpg 1000w\" sizes=\"(max-width: 721px) 100vw, 721px\" \/><\/p>\n<p>Las dos islas cercanas forman un sub-archipi\u00e9lago llamado Islas Pitiusas, nombre derivado del griego que indica la abundancia de pinos mar\u00edtimos, que junto con otras con\u00edferas llamadas enebros forman la mayor parte de la vegetaci\u00f3n local. Si est\u00e1s mirando un mapa del Mediterr\u00e1neo para entender <strong>d\u00f3nde est\u00e1 Formentera<\/strong> necesitar\u00e1s una buena lupa porque la isla es muy peque\u00f1a, algo m\u00e1s de 80 kil\u00f3metros cuadrados, pero gracias a su forma alargada disfruta en proporci\u00f3n de mucha costa: casi 70 km de hermosas playas de arena blanca, calas en las que refugiarse, piscinas naturales de roca, acantilados que quitan el aliento&#8230;. En definitiva, \u00a1una verdadera maravilla para tus vacaciones!<\/p>\n<p>\u00bfEse es el secreto de la isla? Distancias cortas y consecuente confort y accesibilidad a todas las playas en cuesti\u00f3n de pocos minutos. Piensa que con una bicicleta puedes visitar perfectamente casi toda la isla, o al menos moverte f\u00e1cilmente entre las mejores playas. Obviamente, una vez que hayas <a href=\"http:\/\/www.formenteravuela.com\/alquila-un-vehiculo\">alquilado el veh\u00edculo<\/a> m\u00e1s adecuado para tus necesidades (normalmente un peque\u00f1o scooter es la opci\u00f3n m\u00e1s popular para aquellos que pasan sus vacaciones aqu\u00ed) te recomendamos que tengas <strong>un mapa detallado de las carreteras principales<\/strong>, pero especialmente de las secundarias, donde es hermoso perderse entre los pinares, las casas rurales y los campos. Es muy dif\u00edcil perderse, porque por muchas vueltas que des, estando en una isla, siempre llegar\u00e1s al mar!<\/p>\n<p>El clima de Formentera es t\u00edpicamente mediterr\u00e1neo y forma parte del llamado clima templado-c\u00e1lido, dentro de la subcategor\u00eda Levante-Baleare. Traducido en dinero: <strong>300 d\u00edas de sol al a\u00f1o<\/strong>, veranos calurosos y secos, inviernos templados y escasas precipitaciones. \u00a1Un verdadero lujo!<\/p>\n<p>Otra caracter\u00edstica peculiar de la morfolog\u00eda de la isla es que no hay relieves importantes, ya que el pico m\u00e1s alto de la isla es La Mola, con s\u00f3lo 192 metros de altura, pero a\u00fan as\u00ed ofrece <strong>espectaculares vistas panor\u00e1micas<\/strong> por lo que merece la pena ir all\u00ed y, mapa en mano, estudiar desde arriba la maravilla del mar azul que ba\u00f1a por todos lados las playas de la isla.<\/p>\n<p>Esperamos que con nuestras indicaciones te hayamos ayudado a entender mejor d\u00f3nde est\u00e1 Formentera, nuestro Pa\u00eds de Nunca Jam\u00e1s!<\/p>\n","protected":false},"excerpt":{"rendered":"<p>Quiz\u00e1s se pueda considerar como la versi\u00f3n moderna de la isla de Nunca Jam\u00e1s&#8230;. \u00a1pero s\u00ed que existe! As\u00ed que tratemos de responder a la pregunta aparentemente f\u00e1cil \u00ab\u00bfD\u00f3nde est\u00e1 Formentera? Formentera es la m\u00e1s peque\u00f1a de las Islas Baleares, sin\u00f3nimo de vida relajada, sol y un mar que no tiene comparaci\u00f3n. Este archipi\u00e9lago est\u00e1 [&hellip;]<\/p>\n","protected":false},"author":2,"featured_media":1759,"comment_status":"closed","ping_status":"closed","sticky":false,"template":"","format":"standard","meta":{"footnotes":""},"categories":[90],"tags":[108,444,136,137,97,446,114,98,135],"_links":{"self":[{"href":"https:\/\/www.formenteravuela.com\/magazine\/es\/wp-json\/wp\/v2\/posts\/1948"}],"collection":[{"href":"https:\/\/www.formenteravuela.com\/magazine\/es\/wp-json\/wp\/v2\/posts"}],"about":[{"href":"https:\/\/www.formenteravuela.com\/magazine\/es\/wp-json\/wp\/v2\/types\/post"}],"author":[{"embeddable":true,"href":"https:\/\/www.formenteravuela.com\/magazine\/es\/wp-json\/wp\/v2\/users\/2"}],"replies":[{"embeddable":true,"href":"https:\/\/www.formenteravuela.com\/magazine\/es\/wp-json\/wp\/v2\/comments?post=1948"}],"version-history":[{"count":4,"href":"https:\/\/www.formenteravuela.com\/magazine\/es\/wp-json\/wp\/v2\/posts\/1948\/revisions"}],"predecessor-version":[{"id":1952,"href":"https:\/\/www.formenteravuela.com\/magazine\/es\/wp-json\/wp\/v2\/posts\/1948\/revisions\/1952"}],"wp:featuredmedia":[{"embeddable":true,"href":"https:\/\/www.formenteravuela.com\/magazine\/es\/wp-json\/wp\/v2\/media\/1759"}],"wp:attachment":[{"href":"https:\/\/www.formenteravuela.com\/magazine\/es\/wp-json\/wp\/v2\/media?parent=1948"}],"wp:term":[{"taxonomy":"category","embeddable":true,"href":"https:\/\/www.formenteravuela.com\/magazine\/es\/wp-json\/wp\/v2\/categories?post=1948"},{"taxonomy":"post_tag","embeddable":true,"href":"https:\/\/www.formenteravuela.com\/magazine\/es\/wp-json\/wp\/v2\/tags?post=1948"}],"curies":[{"name":"wp","href":"https:\/\/api.w.org\/{rel}","templated":true}]}}